{"id":4489,"date":"2026-03-16T21:36:53","date_gmt":"2026-03-16T19:36:53","guid":{"rendered":"https:\/\/www.inthemoodvenlo.nl\/vom-mittagessen-bis-zum-sommerabend-so-stylst-du-ein-outfit-fuer-den-ganzen-tag\/"},"modified":"2026-04-29T09:54:54","modified_gmt":"2026-04-29T07:54:54","slug":"vom-mittagessen-bis-zum-sommerabend-so-stylst-du-ein-outfit-fuer-den-ganzen-tag","status":"publish","type":"post","link":"https:\/\/www.inthemoodvenlo.nl\/de\/vom-mittagessen-bis-zum-sommerabend-so-stylst-du-ein-outfit-fuer-den-ganzen-tag\/","title":{"rendered":"Vom Mittagessen bis zum Sommerabend: So stylst du ein Outfit f\u00fcr den ganzen Tag"},"content":{"rendered":"\n<p>An manchen Tagen m\u00f6chtest du einfach, dass alles passt. Die Sonne scheint, dein Terminkalender ist voll mit sch\u00f6nen Pl\u00e4nen und du hast keine Lust, dich dreimal umzuziehen. Gute Nachrichten: Mit dem richtigen Basis-Look wechselst du m\u00fchelos von einem gem\u00fctlichen Mittagessen zu einem lauen Sommerabend. Das Geheimnis? Cleveres Styling und ein paar kleine Kniffe!    <\/p>\n\n<p><\/p>\n\n<figure class=\"wp-block-gallery has-nested-images columns-default is-cropped wp-block-gallery-1 is-layout-flex wp-block-gallery-is-layout-flex\">\n<figure class=\"wp-block-image size-large\"><img fetchpriority=\"high\" decoding=\"async\" width=\"819\" height=\"1024\" data-id=\"4027\" src=\"https:\/\/www.inthemoodvenlo.nl\/wp-content\/uploads\/2026\/03\/image00001-819x1024.png\" alt=\"\" class=\"wp-image-4027\" srcset=\"https:\/\/www.inthemoodvenlo.nl\/wp-content\/uploads\/2026\/03\/image00001-819x1024.png 819w, https:\/\/www.inthemoodvenlo.nl\/wp-content\/uploads\/2026\/03\/image00001-240x300.png 240w, https:\/\/www.inthemoodvenlo.nl\/wp-content\/uploads\/2026\/03\/image00001-768x960.png 768w, https:\/\/www.inthemoodvenlo.nl\/wp-content\/uploads\/2026\/03\/image00001.png 1080w\" sizes=\"(max-width: 819px) 100vw, 819px\" \/><\/figure>\n\n\n\n<figure class=\"wp-block-image size-large\"><img decoding=\"async\" width=\"819\" height=\"1024\" data-id=\"4028\" src=\"https:\/\/www.inthemoodvenlo.nl\/wp-content\/uploads\/2026\/03\/image00002-819x1024.png\" alt=\"\" class=\"wp-image-4028\" srcset=\"https:\/\/www.inthemoodvenlo.nl\/wp-content\/uploads\/2026\/03\/image00002-819x1024.png 819w, https:\/\/www.inthemoodvenlo.nl\/wp-content\/uploads\/2026\/03\/image00002-240x300.png 240w, https:\/\/www.inthemoodvenlo.nl\/wp-content\/uploads\/2026\/03\/image00002-768x960.png 768w, https:\/\/www.inthemoodvenlo.nl\/wp-content\/uploads\/2026\/03\/image00002.png 1080w\" sizes=\"(max-width: 819px) 100vw, 819px\" \/><\/figure>\n<\/figure>\n\n<p><\/p>\n\n<p>Beginne mit einer sch\u00f6nen Basis. Denke an ein luftiges Kleid (<em>zum Beispiel von <a href=\"https:\/\/www.inthemoodvenlo.nl\/merken\/farm-rio\/\">FARM RIO<\/a> oder <a href=\"https:\/\/www.inthemoodvenlo.nl\/merken\/elisabetta-franchi\/\">Elisabetta Franchi<\/a><\/em>), eine schicke Bluse mit heller Jeans oder ein elegantes Co-ord-Set. Etwas, in dem du dich wohlf\u00fchlst, das aber auch sofort stilvoll aussieht. Ein solches Outfit bildet die perfekte Leinwand f\u00fcr den Rest deines Tages.   <\/p>\n\n<p><\/p>\n\n<figure class=\"wp-block-gallery has-nested-images columns-default is-cropped wp-block-gallery-2 is-layout-flex wp-block-gallery-is-layout-flex\">\n<figure class=\"wp-block-image size-large\"><img decoding=\"async\" width=\"819\" height=\"1024\" data-id=\"4031\" src=\"https:\/\/www.inthemoodvenlo.nl\/wp-content\/uploads\/2026\/03\/image00004-819x1024.png\" alt=\"\" class=\"wp-image-4031\" srcset=\"https:\/\/www.inthemoodvenlo.nl\/wp-content\/uploads\/2026\/03\/image00004-819x1024.png 819w, https:\/\/www.inthemoodvenlo.nl\/wp-content\/uploads\/2026\/03\/image00004-240x300.png 240w, https:\/\/www.inthemoodvenlo.nl\/wp-content\/uploads\/2026\/03\/image00004-768x960.png 768w, https:\/\/www.inthemoodvenlo.nl\/wp-content\/uploads\/2026\/03\/image00004.png 1080w\" sizes=\"(max-width: 819px) 100vw, 819px\" \/><\/figure>\n\n\n\n<figure class=\"wp-block-image size-large\"><img loading=\"lazy\" decoding=\"async\" width=\"819\" height=\"1024\" data-id=\"4030\" src=\"https:\/\/www.inthemoodvenlo.nl\/wp-content\/uploads\/2026\/03\/image00003-819x1024.png\" alt=\"\" class=\"wp-image-4030\" srcset=\"https:\/\/www.inthemoodvenlo.nl\/wp-content\/uploads\/2026\/03\/image00003-819x1024.png 819w, https:\/\/www.inthemoodvenlo.nl\/wp-content\/uploads\/2026\/03\/image00003-240x300.png 240w, https:\/\/www.inthemoodvenlo.nl\/wp-content\/uploads\/2026\/03\/image00003-768x960.png 768w, https:\/\/www.inthemoodvenlo.nl\/wp-content\/uploads\/2026\/03\/image00003.png 1080w\" sizes=\"(max-width: 819px) 100vw, 819px\" \/><\/figure>\n<\/figure>\n\n<p><\/p>\n\n<p>Tags\u00fcber h\u00e4ltst du es sch\u00f6n l\u00e4ssig. Kombiniere deinen Look mit Sandalen oder Sneakern, einer gro\u00dfen Sonnenbrille und einer Korbtasche. Ein paar dezente Schmuckst\u00fccke von <a href=\"https:\/\/www.inthemoodvenlo.nl\/merken\/souvenirs-de-pomme\/\">Souvenirs de Pomme<\/a> runden das Ganze ab, ohne dass es \u201ezu viel\u201c wird. Perfekt f\u00fcr ein Mittagessen auf der Terrasse, einen Stadtbummel oder ein Kaffeedate mit einer Freundin.   <\/p>\n\n<p>Wenn der Abend naht, verleihst du demselben Outfit in wenigen Minuten ein Upgrade. Tausche deine Tasche gegen ein kleineres Modell aus, f\u00fcge ein paar auff\u00e4llige Ohrringe hinzu und ersetze deine Sandalen eventuell durch einen eleganten Absatz oder eine schicke Pantolette. Eine d\u00fcnne Jacke oder ein leichter Blazer \u00fcber den Schultern und du bist bereit f\u00fcr ein Abendessen, einen Strandspaziergang oder ein spontanes Glas Wein auf der Terrasse.  <\/p>\n\n<p><\/p>\n\n<figure class=\"wp-block-gallery has-nested-images columns-default is-cropped wp-block-gallery-3 is-layout-flex wp-block-gallery-is-layout-flex\">\n<figure class=\"wp-block-image size-large\"><img loading=\"lazy\" decoding=\"async\" width=\"819\" height=\"1024\" data-id=\"4033\" src=\"https:\/\/www.inthemoodvenlo.nl\/wp-content\/uploads\/2026\/03\/image00006-819x1024.png\" alt=\"\" class=\"wp-image-4033\" srcset=\"https:\/\/www.inthemoodvenlo.nl\/wp-content\/uploads\/2026\/03\/image00006-819x1024.png 819w, https:\/\/www.inthemoodvenlo.nl\/wp-content\/uploads\/2026\/03\/image00006-240x300.png 240w, https:\/\/www.inthemoodvenlo.nl\/wp-content\/uploads\/2026\/03\/image00006-768x960.png 768w, https:\/\/www.inthemoodvenlo.nl\/wp-content\/uploads\/2026\/03\/image00006.png 1080w\" sizes=\"(max-width: 819px) 100vw, 819px\" \/><\/figure>\n\n\n\n<figure class=\"wp-block-image size-large\"><img loading=\"lazy\" decoding=\"async\" width=\"819\" height=\"1024\" data-id=\"4032\" src=\"https:\/\/www.inthemoodvenlo.nl\/wp-content\/uploads\/2026\/03\/image00005-819x1024.png\" alt=\"\" class=\"wp-image-4032\" srcset=\"https:\/\/www.inthemoodvenlo.nl\/wp-content\/uploads\/2026\/03\/image00005-819x1024.png 819w, https:\/\/www.inthemoodvenlo.nl\/wp-content\/uploads\/2026\/03\/image00005-240x300.png 240w, https:\/\/www.inthemoodvenlo.nl\/wp-content\/uploads\/2026\/03\/image00005-768x960.png 768w, https:\/\/www.inthemoodvenlo.nl\/wp-content\/uploads\/2026\/03\/image00005.png 1080w\" sizes=\"(max-width: 819px) 100vw, 819px\" \/><\/figure>\n<\/figure>\n\n<p><\/p>\n\n<p>Das Sch\u00f6ne ist: Du musst also gar nicht dein ganzes Outfit wechseln. Mit ein paar kleinen Anpassungen kreierst du einen komplett neuen Vibe. Genau das ist es, was wir bei IN THE MOOD lieben. M\u00fcheloser Stil, in dem du dich den ganzen Tag gut f\u00fchlst. Vom Mittagessen bis zum Sommerabend. Mit einem Outfit voller endloser M\u00f6glichkeiten.      <\/p>\n\n<p>Komm vorbei, um unsere Kollektion zu bewundern und entdecke die endlosen M\u00f6glichkeiten in unserer Modeboutique im Herzen von Venlo! Sehen wir uns bald?  <\/p>\n\n<p><\/p>\n","protected":false},"excerpt":{"rendered":"<p>An manchen Tagen m\u00f6chtest du einfach, dass alles passt. Die Sonne scheint, dein Terminkalender ist voll mit sch\u00f6nen Pl\u00e4nen und du hast keine Lust, dich dreimal umzuziehen. Gute Nachrichten: Mit dem richtigen Basis-Look wechselst du m\u00fchelos von einem gem\u00fctlichen Mittagessen zu einem lauen Sommerabend. Das Geheimnis? Cleveres Styling und ein paar kleine Kniffe! Beginne mit [&hellip;]<\/p>\n","protected":false},"author":3,"featured_media":4490,"comment_status":"closed","ping_status":"closed","sticky":false,"template":"","format":"standard","meta":{"site-sidebar-layout":"default","site-content-layout":"","ast-site-content-layout":"default","site-content-style":"default","site-sidebar-style":"default","ast-global-header-display":"","ast-banner-title-visibility":"","ast-main-header-display":"","ast-hfb-above-header-display":"","ast-hfb-below-header-display":"","ast-hfb-mobile-header-display":"","site-post-title":"","ast-breadcrumbs-content":"","ast-featured-img":"","footer-sml-layout":"","ast-disable-related-posts":"","theme-transparent-header-meta":"","adv-header-id-meta":"","stick-header-meta":"","header-above-stick-meta":"","header-main-stick-meta":"","header-below-stick-meta":"","astra-migrate-meta-layouts":"default","ast-page-background-enabled":"default","ast-page-background-meta":{"desktop":{"background-color":"var(--ast-global-color-4)","background-image":"","background-repeat":"repeat","background-position":"center center","background-size":"auto","background-attachment":"scroll","background-type":"","background-media":"","overlay-type":"","overlay-color":"","overlay-opacity":"","overlay-gradient":""},"tablet":{"background-color":"","background-image":"","background-repeat":"repeat","background-position":"center center","background-size":"auto","background-attachment":"scroll","background-type":"","background-media":"","overlay-type":"","overlay-color":"","overlay-opacity":"","overlay-gradient":""},"mobile":{"background-color":"","background-image":"","background-repeat":"repeat","background-position":"center center","background-size":"auto","background-attachment":"scroll","background-type":"","background-media":"","overlay-type":"","overlay-color":"","overlay-opacity":"","overlay-gradient":""}},"ast-content-background-meta":{"desktop":{"background-color":"var(--ast-global-color-5)","background-image":"","background-repeat":"repeat","background-position":"center center","background-size":"auto","background-attachment":"scroll","background-type":"","background-media":"","overlay-type":"","overlay-color":"","overlay-opacity":"","overlay-gradient":""},"tablet":{"background-color":"var(--ast-global-color-5)","background-image":"","background-repeat":"repeat","background-position":"center center","background-size":"auto","background-attachment":"scroll","background-type":"","background-media":"","overlay-type":"","overlay-color":"","overlay-opacity":"","overlay-gradient":""},"mobile":{"background-color":"var(--ast-global-color-5)","background-image":"","background-repeat":"repeat","background-position":"center center","background-size":"auto","background-attachment":"scroll","background-type":"","background-media":"","overlay-type":"","overlay-color":"","overlay-opacity":"","overlay-gradient":""}},"footnotes":""},"categories":[70],"tags":[77,78],"class_list":["post-4489","post","type-post","status-publish","format-standard","has-post-thumbnail","hentry","category-unkategorisiert","tag-fruhling-2026","tag-sommer-2026"],"yoast_head":"<!-- This site is optimized with the Yoast SEO plugin v27.5 - https:\/\/yoast.com\/product\/yoast-seo-wordpress\/ -->\n<title>Vom Mittagessen bis zum Sommerabend: So stylst du ein Outfit f\u00fcr den ganzen Tag<\/title>\n<meta name=\"description\" content=\"So stylst du mit diesen Tipps ein Outfit f\u00fcr den ganzen Tag \u2713 IN THE MOOD ist dein Lieblingsgesch\u00e4ft f\u00fcr Damenbekleidung in Venlo\" \/>\n<meta name=\"robots\" content=\"index, follow, max-snippet:-1, max-image-preview:large, max-video-preview:-1\" \/>\n<link rel=\"canonical\" href=\"https:\/\/www.inthemoodvenlo.nl\/de\/vom-mittagessen-bis-zum-sommerabend-so-stylst-du-ein-outfit-fuer-den-ganzen-tag\/\" \/>\n<meta property=\"og:locale\" content=\"de_DE\" \/>\n<meta property=\"og:type\" content=\"article\" \/>\n<meta property=\"og:title\" content=\"Vom Mittagessen bis zum Sommerabend: So stylst du ein Outfit f\u00fcr den ganzen Tag\" \/>\n<meta property=\"og:description\" content=\"So stylst du mit diesen Tipps ein Outfit f\u00fcr den ganzen Tag \u2713 IN THE MOOD ist dein Lieblingsgesch\u00e4ft f\u00fcr Damenbekleidung in Venlo\" \/>\n<meta property=\"og:url\" content=\"https:\/\/www.inthemoodvenlo.nl\/de\/vom-mittagessen-bis-zum-sommerabend-so-stylst-du-ein-outfit-fuer-den-ganzen-tag\/\" \/>\n<meta property=\"og:site_name\" content=\"in the MOOD\" \/>\n<meta property=\"article:published_time\" content=\"2026-03-16T19:36:53+00:00\" \/>\n<meta property=\"article:modified_time\" content=\"2026-04-29T07:54:54+00:00\" \/>\n<meta property=\"og:image\" content=\"https:\/\/www.inthemoodvenlo.nl\/wp-content\/uploads\/2026\/03\/style-je-outfit-voor-een-dag.jpg\" \/>\n\t<meta property=\"og:image:width\" content=\"1000\" \/>\n\t<meta property=\"og:image:height\" content=\"1000\" \/>\n\t<meta property=\"og:image:type\" content=\"image\/jpeg\" \/>\n<meta name=\"author\" content=\"InTheMOOD\" \/>\n<meta name=\"twitter:card\" content=\"summary_large_image\" \/>\n<meta name=\"twitter:label1\" content=\"Verfasst von\" \/>\n\t<meta name=\"twitter:data1\" content=\"InTheMOOD\" \/>\n\t<meta name=\"twitter:label2\" content=\"Gesch\u00e4tzte Lesezeit\" \/>\n\t<meta name=\"twitter:data2\" content=\"2\u00a0Minuten\" \/>\n<script type=\"application\/ld+json\" class=\"yoast-schema-graph\">{\"@context\":\"https:\\\/\\\/schema.org\",\"@graph\":[{\"@type\":\"Article\",\"@id\":\"https:\\\/\\\/www.inthemoodvenlo.nl\\\/de\\\/vom-mittagessen-bis-zum-sommerabend-so-stylst-du-ein-outfit-fuer-den-ganzen-tag\\\/#article\",\"isPartOf\":{\"@id\":\"https:\\\/\\\/www.inthemoodvenlo.nl\\\/de\\\/vom-mittagessen-bis-zum-sommerabend-so-stylst-du-ein-outfit-fuer-den-ganzen-tag\\\/\"},\"author\":{\"name\":\"InTheMOOD\",\"@id\":\"https:\\\/\\\/www.inthemoodvenlo.nl\\\/de\\\/#\\\/schema\\\/person\\\/c226c9f0cf2f09963d6dc935237c6ce5\"},\"headline\":\"Vom Mittagessen bis zum Sommerabend: So stylst du ein Outfit f\u00fcr den ganzen Tag\",\"datePublished\":\"2026-03-16T19:36:53+00:00\",\"dateModified\":\"2026-04-29T07:54:54+00:00\",\"mainEntityOfPage\":{\"@id\":\"https:\\\/\\\/www.inthemoodvenlo.nl\\\/de\\\/vom-mittagessen-bis-zum-sommerabend-so-stylst-du-ein-outfit-fuer-den-ganzen-tag\\\/\"},\"wordCount\":342,\"image\":{\"@id\":\"https:\\\/\\\/www.inthemoodvenlo.nl\\\/de\\\/vom-mittagessen-bis-zum-sommerabend-so-stylst-du-ein-outfit-fuer-den-ganzen-tag\\\/#primaryimage\"},\"thumbnailUrl\":\"https:\\\/\\\/www.inthemoodvenlo.nl\\\/wp-content\\\/uploads\\\/2026\\\/03\\\/style-je-outfit-voor-een-dag.jpg\",\"keywords\":[\"Fr\u00fchling 2026\",\"Sommer 2026\"],\"articleSection\":[\"Unkategorisiert\"],\"inLanguage\":\"de\"},{\"@type\":\"WebPage\",\"@id\":\"https:\\\/\\\/www.inthemoodvenlo.nl\\\/de\\\/vom-mittagessen-bis-zum-sommerabend-so-stylst-du-ein-outfit-fuer-den-ganzen-tag\\\/\",\"url\":\"https:\\\/\\\/www.inthemoodvenlo.nl\\\/de\\\/vom-mittagessen-bis-zum-sommerabend-so-stylst-du-ein-outfit-fuer-den-ganzen-tag\\\/\",\"name\":\"Vom Mittagessen bis zum Sommerabend: So stylst du ein Outfit f\u00fcr den ganzen Tag\",\"isPartOf\":{\"@id\":\"https:\\\/\\\/www.inthemoodvenlo.nl\\\/de\\\/#website\"},\"primaryImageOfPage\":{\"@id\":\"https:\\\/\\\/www.inthemoodvenlo.nl\\\/de\\\/vom-mittagessen-bis-zum-sommerabend-so-stylst-du-ein-outfit-fuer-den-ganzen-tag\\\/#primaryimage\"},\"image\":{\"@id\":\"https:\\\/\\\/www.inthemoodvenlo.nl\\\/de\\\/vom-mittagessen-bis-zum-sommerabend-so-stylst-du-ein-outfit-fuer-den-ganzen-tag\\\/#primaryimage\"},\"thumbnailUrl\":\"https:\\\/\\\/www.inthemoodvenlo.nl\\\/wp-content\\\/uploads\\\/2026\\\/03\\\/style-je-outfit-voor-een-dag.jpg\",\"datePublished\":\"2026-03-16T19:36:53+00:00\",\"dateModified\":\"2026-04-29T07:54:54+00:00\",\"author\":{\"@id\":\"https:\\\/\\\/www.inthemoodvenlo.nl\\\/de\\\/#\\\/schema\\\/person\\\/c226c9f0cf2f09963d6dc935237c6ce5\"},\"description\":\"So stylst du mit diesen Tipps ein Outfit f\u00fcr den ganzen Tag \u2713 IN THE MOOD ist dein Lieblingsgesch\u00e4ft f\u00fcr Damenbekleidung in Venlo\",\"breadcrumb\":{\"@id\":\"https:\\\/\\\/www.inthemoodvenlo.nl\\\/de\\\/vom-mittagessen-bis-zum-sommerabend-so-stylst-du-ein-outfit-fuer-den-ganzen-tag\\\/#breadcrumb\"},\"inLanguage\":\"de\",\"potentialAction\":[{\"@type\":\"ReadAction\",\"target\":[\"https:\\\/\\\/www.inthemoodvenlo.nl\\\/de\\\/vom-mittagessen-bis-zum-sommerabend-so-stylst-du-ein-outfit-fuer-den-ganzen-tag\\\/\"]}]},{\"@type\":\"ImageObject\",\"inLanguage\":\"de\",\"@id\":\"https:\\\/\\\/www.inthemoodvenlo.nl\\\/de\\\/vom-mittagessen-bis-zum-sommerabend-so-stylst-du-ein-outfit-fuer-den-ganzen-tag\\\/#primaryimage\",\"url\":\"https:\\\/\\\/www.inthemoodvenlo.nl\\\/wp-content\\\/uploads\\\/2026\\\/03\\\/style-je-outfit-voor-een-dag.jpg\",\"contentUrl\":\"https:\\\/\\\/www.inthemoodvenlo.nl\\\/wp-content\\\/uploads\\\/2026\\\/03\\\/style-je-outfit-voor-een-dag.jpg\",\"width\":1000,\"height\":1000,\"caption\":\"Outfit-Styling-Tipps\"},{\"@type\":\"BreadcrumbList\",\"@id\":\"https:\\\/\\\/www.inthemoodvenlo.nl\\\/de\\\/vom-mittagessen-bis-zum-sommerabend-so-stylst-du-ein-outfit-fuer-den-ganzen-tag\\\/#breadcrumb\",\"itemListElement\":[{\"@type\":\"ListItem\",\"position\":1,\"name\":\"Startseite\",\"item\":\"https:\\\/\\\/www.inthemoodvenlo.nl\\\/de\\\/home\\\/\"},{\"@type\":\"ListItem\",\"position\":2,\"name\":\"Vom Mittagessen bis zum Sommerabend: So stylst du ein Outfit f\u00fcr den ganzen Tag\"}]},{\"@type\":\"WebSite\",\"@id\":\"https:\\\/\\\/www.inthemoodvenlo.nl\\\/de\\\/#website\",\"url\":\"https:\\\/\\\/www.inthemoodvenlo.nl\\\/de\\\/\",\"name\":\"in the MOOD\",\"description\":\"Lifestyle Boutique\",\"potentialAction\":[{\"@type\":\"SearchAction\",\"target\":{\"@type\":\"EntryPoint\",\"urlTemplate\":\"https:\\\/\\\/www.inthemoodvenlo.nl\\\/de\\\/?s={search_term_string}\"},\"query-input\":{\"@type\":\"PropertyValueSpecification\",\"valueRequired\":true,\"valueName\":\"search_term_string\"}}],\"inLanguage\":\"de\"},{\"@type\":\"Person\",\"@id\":\"https:\\\/\\\/www.inthemoodvenlo.nl\\\/de\\\/#\\\/schema\\\/person\\\/c226c9f0cf2f09963d6dc935237c6ce5\",\"name\":\"InTheMOOD\",\"url\":\"https:\\\/\\\/www.inthemoodvenlo.nl\\\/de\\\/author\\\/inthemood\\\/\"}]}<\/script>\n<!-- \/ Yoast SEO plugin. -->","yoast_head_json":{"title":"Vom Mittagessen bis zum Sommerabend: So stylst du ein Outfit f\u00fcr den ganzen Tag","description":"So stylst du mit diesen Tipps ein Outfit f\u00fcr den ganzen Tag \u2713 IN THE MOOD ist dein Lieblingsgesch\u00e4ft f\u00fcr Damenbekleidung in Venlo","robots":{"index":"index","follow":"follow","max-snippet":"max-snippet:-1","max-image-preview":"max-image-preview:large","max-video-preview":"max-video-preview:-1"},"canonical":"https:\/\/www.inthemoodvenlo.nl\/de\/vom-mittagessen-bis-zum-sommerabend-so-stylst-du-ein-outfit-fuer-den-ganzen-tag\/","og_locale":"de_DE","og_type":"article","og_title":"Vom Mittagessen bis zum Sommerabend: So stylst du ein Outfit f\u00fcr den ganzen Tag","og_description":"So stylst du mit diesen Tipps ein Outfit f\u00fcr den ganzen Tag \u2713 IN THE MOOD ist dein Lieblingsgesch\u00e4ft f\u00fcr Damenbekleidung in Venlo","og_url":"https:\/\/www.inthemoodvenlo.nl\/de\/vom-mittagessen-bis-zum-sommerabend-so-stylst-du-ein-outfit-fuer-den-ganzen-tag\/","og_site_name":"in the MOOD","article_published_time":"2026-03-16T19:36:53+00:00","article_modified_time":"2026-04-29T07:54:54+00:00","og_image":[{"width":1000,"height":1000,"url":"https:\/\/www.inthemoodvenlo.nl\/wp-content\/uploads\/2026\/03\/style-je-outfit-voor-een-dag.jpg","type":"image\/jpeg"}],"author":"InTheMOOD","twitter_card":"summary_large_image","twitter_misc":{"Verfasst von":"InTheMOOD","Gesch\u00e4tzte Lesezeit":"2\u00a0Minuten"},"schema":{"@context":"https:\/\/schema.org","@graph":[{"@type":"Article","@id":"https:\/\/www.inthemoodvenlo.nl\/de\/vom-mittagessen-bis-zum-sommerabend-so-stylst-du-ein-outfit-fuer-den-ganzen-tag\/#article","isPartOf":{"@id":"https:\/\/www.inthemoodvenlo.nl\/de\/vom-mittagessen-bis-zum-sommerabend-so-stylst-du-ein-outfit-fuer-den-ganzen-tag\/"},"author":{"name":"InTheMOOD","@id":"https:\/\/www.inthemoodvenlo.nl\/de\/#\/schema\/person\/c226c9f0cf2f09963d6dc935237c6ce5"},"headline":"Vom Mittagessen bis zum Sommerabend: So stylst du ein Outfit f\u00fcr den ganzen Tag","datePublished":"2026-03-16T19:36:53+00:00","dateModified":"2026-04-29T07:54:54+00:00","mainEntityOfPage":{"@id":"https:\/\/www.inthemoodvenlo.nl\/de\/vom-mittagessen-bis-zum-sommerabend-so-stylst-du-ein-outfit-fuer-den-ganzen-tag\/"},"wordCount":342,"image":{"@id":"https:\/\/www.inthemoodvenlo.nl\/de\/vom-mittagessen-bis-zum-sommerabend-so-stylst-du-ein-outfit-fuer-den-ganzen-tag\/#primaryimage"},"thumbnailUrl":"https:\/\/www.inthemoodvenlo.nl\/wp-content\/uploads\/2026\/03\/style-je-outfit-voor-een-dag.jpg","keywords":["Fr\u00fchling 2026","Sommer 2026"],"articleSection":["Unkategorisiert"],"inLanguage":"de"},{"@type":"WebPage","@id":"https:\/\/www.inthemoodvenlo.nl\/de\/vom-mittagessen-bis-zum-sommerabend-so-stylst-du-ein-outfit-fuer-den-ganzen-tag\/","url":"https:\/\/www.inthemoodvenlo.nl\/de\/vom-mittagessen-bis-zum-sommerabend-so-stylst-du-ein-outfit-fuer-den-ganzen-tag\/","name":"Vom Mittagessen bis zum Sommerabend: So stylst du ein Outfit f\u00fcr den ganzen Tag","isPartOf":{"@id":"https:\/\/www.inthemoodvenlo.nl\/de\/#website"},"primaryImageOfPage":{"@id":"https:\/\/www.inthemoodvenlo.nl\/de\/vom-mittagessen-bis-zum-sommerabend-so-stylst-du-ein-outfit-fuer-den-ganzen-tag\/#primaryimage"},"image":{"@id":"https:\/\/www.inthemoodvenlo.nl\/de\/vom-mittagessen-bis-zum-sommerabend-so-stylst-du-ein-outfit-fuer-den-ganzen-tag\/#primaryimage"},"thumbnailUrl":"https:\/\/www.inthemoodvenlo.nl\/wp-content\/uploads\/2026\/03\/style-je-outfit-voor-een-dag.jpg","datePublished":"2026-03-16T19:36:53+00:00","dateModified":"2026-04-29T07:54:54+00:00","author":{"@id":"https:\/\/www.inthemoodvenlo.nl\/de\/#\/schema\/person\/c226c9f0cf2f09963d6dc935237c6ce5"},"description":"So stylst du mit diesen Tipps ein Outfit f\u00fcr den ganzen Tag \u2713 IN THE MOOD ist dein Lieblingsgesch\u00e4ft f\u00fcr Damenbekleidung in Venlo","breadcrumb":{"@id":"https:\/\/www.inthemoodvenlo.nl\/de\/vom-mittagessen-bis-zum-sommerabend-so-stylst-du-ein-outfit-fuer-den-ganzen-tag\/#breadcrumb"},"inLanguage":"de","potentialAction":[{"@type":"ReadAction","target":["https:\/\/www.inthemoodvenlo.nl\/de\/vom-mittagessen-bis-zum-sommerabend-so-stylst-du-ein-outfit-fuer-den-ganzen-tag\/"]}]},{"@type":"ImageObject","inLanguage":"de","@id":"https:\/\/www.inthemoodvenlo.nl\/de\/vom-mittagessen-bis-zum-sommerabend-so-stylst-du-ein-outfit-fuer-den-ganzen-tag\/#primaryimage","url":"https:\/\/www.inthemoodvenlo.nl\/wp-content\/uploads\/2026\/03\/style-je-outfit-voor-een-dag.jpg","contentUrl":"https:\/\/www.inthemoodvenlo.nl\/wp-content\/uploads\/2026\/03\/style-je-outfit-voor-een-dag.jpg","width":1000,"height":1000,"caption":"Outfit-Styling-Tipps"},{"@type":"BreadcrumbList","@id":"https:\/\/www.inthemoodvenlo.nl\/de\/vom-mittagessen-bis-zum-sommerabend-so-stylst-du-ein-outfit-fuer-den-ganzen-tag\/#breadcrumb","itemListElement":[{"@type":"ListItem","position":1,"name":"Startseite","item":"https:\/\/www.inthemoodvenlo.nl\/de\/home\/"},{"@type":"ListItem","position":2,"name":"Vom Mittagessen bis zum Sommerabend: So stylst du ein Outfit f\u00fcr den ganzen Tag"}]},{"@type":"WebSite","@id":"https:\/\/www.inthemoodvenlo.nl\/de\/#website","url":"https:\/\/www.inthemoodvenlo.nl\/de\/","name":"in the MOOD","description":"Lifestyle Boutique","potentialAction":[{"@type":"SearchAction","target":{"@type":"EntryPoint","urlTemplate":"https:\/\/www.inthemoodvenlo.nl\/de\/?s={search_term_string}"},"query-input":{"@type":"PropertyValueSpecification","valueRequired":true,"valueName":"search_term_string"}}],"inLanguage":"de"},{"@type":"Person","@id":"https:\/\/www.inthemoodvenlo.nl\/de\/#\/schema\/person\/c226c9f0cf2f09963d6dc935237c6ce5","name":"InTheMOOD","url":"https:\/\/www.inthemoodvenlo.nl\/de\/author\/inthemood\/"}]}},"_links":{"self":[{"href":"https:\/\/www.inthemoodvenlo.nl\/de\/wp-json\/wp\/v2\/posts\/4489","targetHints":{"allow":["GET"]}}],"collection":[{"href":"https:\/\/www.inthemoodvenlo.nl\/de\/wp-json\/wp\/v2\/posts"}],"about":[{"href":"https:\/\/www.inthemoodvenlo.nl\/de\/wp-json\/wp\/v2\/types\/post"}],"author":[{"embeddable":true,"href":"https:\/\/www.inthemoodvenlo.nl\/de\/wp-json\/wp\/v2\/users\/3"}],"replies":[{"embeddable":true,"href":"https:\/\/www.inthemoodvenlo.nl\/de\/wp-json\/wp\/v2\/comments?post=4489"}],"version-history":[{"count":1,"href":"https:\/\/www.inthemoodvenlo.nl\/de\/wp-json\/wp\/v2\/posts\/4489\/revisions"}],"predecessor-version":[{"id":4491,"href":"https:\/\/www.inthemoodvenlo.nl\/de\/wp-json\/wp\/v2\/posts\/4489\/revisions\/4491"}],"wp:featuredmedia":[{"embeddable":true,"href":"https:\/\/www.inthemoodvenlo.nl\/de\/wp-json\/wp\/v2\/media\/4490"}],"wp:attachment":[{"href":"https:\/\/www.inthemoodvenlo.nl\/de\/wp-json\/wp\/v2\/media?parent=4489"}],"wp:term":[{"taxonomy":"category","embeddable":true,"href":"https:\/\/www.inthemoodvenlo.nl\/de\/wp-json\/wp\/v2\/categories?post=4489"},{"taxonomy":"post_tag","embeddable":true,"href":"https:\/\/www.inthemoodvenlo.nl\/de\/wp-json\/wp\/v2\/tags?post=4489"}],"curies":[{"name":"wp","href":"https:\/\/api.w.org\/{rel}","templated":true}]}}