{"id":4523,"date":"2026-03-31T21:49:31","date_gmt":"2026-03-31T19:49:31","guid":{"rendered":"https:\/\/www.inthemoodvenlo.nl\/feiere-ostern-mit-stil\/"},"modified":"2026-04-29T09:59:32","modified_gmt":"2026-04-29T07:59:32","slug":"feiere-ostern-mit-stil","status":"publish","type":"post","link":"https:\/\/www.inthemoodvenlo.nl\/de\/feiere-ostern-mit-stil\/","title":{"rendered":"Feiere Ostern mit Stil!"},"content":{"rendered":"\n<p>Das Osterwochenende steht vor der T\u00fcr und obwohl es drau\u00dfen noch frisch sein kann, zeigen die Wettervorhersagen zum Gl\u00fcck immer mehr Sonne und mildere Temperaturen. Zeit, dieses Fr\u00fchlingsgef\u00fchl wirklich zuzulassen und deiner Garderobe ein frisches Update zu geben. Bei IN THE MOOD dreht sich in der Fr\u00fchlingskollektion alles um m\u00fchelose Kombinationen und stilvolle Artikel, in denen du dich sofort wohlf\u00fchlst. Denk an luftige Stoffe, nat\u00fcrliche T\u00f6ne wie Sand, Creme und sanfte Pastellfarben \u2013 perfekt f\u00fcr einen Osterbrunch, einen Tag im Freien oder einen entspannten Wochenend-Look.   <\/p>\n\n<p><\/p>\n\n<figure class=\"wp-block-image aligncenter size-full\"><img fetchpriority=\"high\" decoding=\"async\" width=\"1000\" height=\"1000\" src=\"https:\/\/www.inthemoodvenlo.nl\/wp-content\/uploads\/2026\/03\/pasen3.jpg\" alt=\"\" class=\"wp-image-4046\" srcset=\"https:\/\/www.inthemoodvenlo.nl\/wp-content\/uploads\/2026\/03\/pasen3.jpg 1000w, https:\/\/www.inthemoodvenlo.nl\/wp-content\/uploads\/2026\/03\/pasen3-300x300.jpg 300w, https:\/\/www.inthemoodvenlo.nl\/wp-content\/uploads\/2026\/03\/pasen3-150x150.jpg 150w, https:\/\/www.inthemoodvenlo.nl\/wp-content\/uploads\/2026\/03\/pasen3-768x768.jpg 768w, https:\/\/www.inthemoodvenlo.nl\/wp-content\/uploads\/2026\/03\/pasen3-700x700.jpg 700w\" sizes=\"(max-width: 1000px) 100vw, 1000px\" \/><\/figure>\n\n<p><\/p>\n\n<p><strong>Fr\u00fchlingsfavoriten &amp; Trends<br\/><\/strong>Die Kollektionen von <a href=\"https:\/\/www.inthemoodvenlo.nl\/merken\/twin-set\/\">Twinset<\/a>, <a href=\"https:\/\/www.inthemoodvenlo.nl\/merken\/forte-forte\/\">forte_forte<\/a> und Dreamcatcher zeigen genau, worum es in dieser Saison geht: feminin, sanft und easy to wear. Kombiniere eine luftige Bluse oder ein Top in Pastell mit einer der bequemen Hosen von <a href=\"https:\/\/www.inthemoodvenlo.nl\/merken\/cambio\/\">Cambio<\/a> f\u00fcr einen Look, der sowohl schick als auch entspannt ist. Lagen-Looks bleiben der Schl\u00fcssel, ideal f\u00fcr das wechselhafte Fr\u00fchlingswetter. So kreierst du m\u00fchelos ein Outfit, das du den ganzen Tag tragen kannst.   <\/p>\n\n<p><\/p>\n\n<figure class=\"wp-block-image aligncenter size-full\"><img decoding=\"async\" width=\"1000\" height=\"1000\" src=\"https:\/\/www.inthemoodvenlo.nl\/wp-content\/uploads\/2026\/03\/pasen1.jpg\" alt=\"\" class=\"wp-image-4047\" srcset=\"https:\/\/www.inthemoodvenlo.nl\/wp-content\/uploads\/2026\/03\/pasen1.jpg 1000w, https:\/\/www.inthemoodvenlo.nl\/wp-content\/uploads\/2026\/03\/pasen1-300x300.jpg 300w, https:\/\/www.inthemoodvenlo.nl\/wp-content\/uploads\/2026\/03\/pasen1-150x150.jpg 150w, https:\/\/www.inthemoodvenlo.nl\/wp-content\/uploads\/2026\/03\/pasen1-768x768.jpg 768w, https:\/\/www.inthemoodvenlo.nl\/wp-content\/uploads\/2026\/03\/pasen1-700x700.jpg 700w\" sizes=\"(max-width: 1000px) 100vw, 1000px\" \/><\/figure>\n\n<p><\/p>\n\n<p><strong>Accessoires machen deinen Look komplett<br\/><\/strong>Vervollst\u00e4ndige dein Outfit mit den richtigen Accessoires. W\u00e4hle eine elegante Tasche von <a href=\"https:\/\/www.inthemoodvenlo.nl\/merken\/wandler\/\">Wandler<\/a>, raffinierte Details von <a href=\"https:\/\/www.inthemoodvenlo.nl\/merken\/souvenirs-de-pomme\/\">Souvenirs de Pomme<\/a> oder stilvolle Ohrringe von <a href=\"https:\/\/www.inthemoodvenlo.nl\/merken\/lott-gioelli\/\">Lott. Gioielli<\/a>. Es sind genau diese St\u00fccke, die deinen Look pers\u00f6nlich machen und ihm das gewisse Extra verleihen.  <\/p>\n\n<p><\/p>\n\n<figure class=\"wp-block-image aligncenter size-full\"><img decoding=\"async\" width=\"1000\" height=\"1000\" src=\"https:\/\/www.inthemoodvenlo.nl\/wp-content\/uploads\/2026\/03\/pasen4.jpg\" alt=\"\" class=\"wp-image-4048\" srcset=\"https:\/\/www.inthemoodvenlo.nl\/wp-content\/uploads\/2026\/03\/pasen4.jpg 1000w, https:\/\/www.inthemoodvenlo.nl\/wp-content\/uploads\/2026\/03\/pasen4-300x300.jpg 300w, https:\/\/www.inthemoodvenlo.nl\/wp-content\/uploads\/2026\/03\/pasen4-150x150.jpg 150w, https:\/\/www.inthemoodvenlo.nl\/wp-content\/uploads\/2026\/03\/pasen4-768x768.jpg 768w, https:\/\/www.inthemoodvenlo.nl\/wp-content\/uploads\/2026\/03\/pasen4-700x700.jpg 700w\" sizes=\"(max-width: 1000px) 100vw, 1000px\" \/><\/figure>\n\n<p><\/p>\n\n<p><strong>Eine andere Oster\u00fcberraschung<br\/><\/strong>An Ostern denken wir oft an Schokolade, aber wie sch\u00f6n ist es, jemanden oder sich selbst mit etwas zu \u00fcberraschen, das l\u00e4nger h\u00e4lt? Bei IN THE MOOD findest du auch Geschenkgutscheine: eine stilvolle und originelle \u00dcberraschung zum Verschenken und Bekommen. <\/p>\n\n<p><\/p>\n\n<figure class=\"wp-block-image aligncenter size-full\"><img loading=\"lazy\" decoding=\"async\" width=\"1000\" height=\"1000\" src=\"https:\/\/www.inthemoodvenlo.nl\/wp-content\/uploads\/2026\/03\/pasen5.jpg\" alt=\"\" class=\"wp-image-4049\" srcset=\"https:\/\/www.inthemoodvenlo.nl\/wp-content\/uploads\/2026\/03\/pasen5.jpg 1000w, https:\/\/www.inthemoodvenlo.nl\/wp-content\/uploads\/2026\/03\/pasen5-300x300.jpg 300w, https:\/\/www.inthemoodvenlo.nl\/wp-content\/uploads\/2026\/03\/pasen5-150x150.jpg 150w, https:\/\/www.inthemoodvenlo.nl\/wp-content\/uploads\/2026\/03\/pasen5-768x768.jpg 768w, https:\/\/www.inthemoodvenlo.nl\/wp-content\/uploads\/2026\/03\/pasen5-700x700.jpg 700w\" sizes=\"(max-width: 1000px) 100vw, 1000px\" \/><\/figure>\n\n<p><\/p>\n\n<p>Besuche IN THE MOOD &amp; bleib inspiriert. Suchst du noch nach einem neuen Outfit f\u00fcr das Osterwochenende oder m\u00f6chtest du die neueste Fr\u00fchlingskollektion entdecken? Du bist in unserer Boutique herzlich willkommen. Folge IN THE MOOD auch auf <a href=\"https:\/\/www.instagram.com\/inthemoodvenlo_\/\">Social Media<\/a> f\u00fcr t\u00e4gliche Inspiration, neue Kollektionen und Styling-Tipps. Und m\u00f6chtest du nichts verpassen? Dann melde dich f\u00fcr unseren Newsletter an und bleibe als Erste \u00fcber Trends, exklusive Artikel und Events informiert.     <\/p>\n\n<p><strong>Bitte beachte<\/strong>: W\u00e4hrend des Osterwochenendes haben wir am Ostersonntag und Ostermontag geschlossen. Komm also gerne vorher vorbei, um deine Lieblingsst\u00fccke zu shoppen. Genie\u00dfe das Osterwochenende und lass dich von der neuen Saison inspirieren.  <\/p>\n\n<p><\/p>\n","protected":false},"excerpt":{"rendered":"<p>Das Osterwochenende steht vor der T\u00fcr und obwohl es drau\u00dfen noch frisch sein kann, zeigen die Wettervorhersagen zum Gl\u00fcck immer mehr Sonne und mildere Temperaturen. Zeit, dieses Fr\u00fchlingsgef\u00fchl wirklich zuzulassen und deiner Garderobe ein frisches Update zu geben. Bei IN THE MOOD dreht sich in der Fr\u00fchlingskollektion alles um m\u00fchelose Kombinationen und stilvolle Artikel, in [&hellip;]<\/p>\n","protected":false},"author":3,"featured_media":4524,"comment_status":"closed","ping_status":"closed","sticky":false,"template":"","format":"standard","meta":{"site-sidebar-layout":"default","site-content-layout":"","ast-site-content-layout":"default","site-content-style":"default","site-sidebar-style":"default","ast-global-header-display":"","ast-banner-title-visibility":"","ast-main-header-display":"","ast-hfb-above-header-display":"","ast-hfb-below-header-display":"","ast-hfb-mobile-header-display":"","site-post-title":"","ast-breadcrumbs-content":"","ast-featured-img":"","footer-sml-layout":"","ast-disable-related-posts":"","theme-transparent-header-meta":"","adv-header-id-meta":"","stick-header-meta":"","header-above-stick-meta":"","header-main-stick-meta":"","header-below-stick-meta":"","astra-migrate-meta-layouts":"default","ast-page-background-enabled":"default","ast-page-background-meta":{"desktop":{"background-color":"var(--ast-global-color-4)","background-image":"","background-repeat":"repeat","background-position":"center center","background-size":"auto","background-attachment":"scroll","background-type":"","background-media":"","overlay-type":"","overlay-color":"","overlay-opacity":"","overlay-gradient":""},"tablet":{"background-color":"","background-image":"","background-repeat":"repeat","background-position":"center center","background-size":"auto","background-attachment":"scroll","background-type":"","background-media":"","overlay-type":"","overlay-color":"","overlay-opacity":"","overlay-gradient":""},"mobile":{"background-color":"","background-image":"","background-repeat":"repeat","background-position":"center center","background-size":"auto","background-attachment":"scroll","background-type":"","background-media":"","overlay-type":"","overlay-color":"","overlay-opacity":"","overlay-gradient":""}},"ast-content-background-meta":{"desktop":{"background-color":"var(--ast-global-color-5)","background-image":"","background-repeat":"repeat","background-position":"center center","background-size":"auto","background-attachment":"scroll","background-type":"","background-media":"","overlay-type":"","overlay-color":"","overlay-opacity":"","overlay-gradient":""},"tablet":{"background-color":"var(--ast-global-color-5)","background-image":"","background-repeat":"repeat","background-position":"center center","background-size":"auto","background-attachment":"scroll","background-type":"","background-media":"","overlay-type":"","overlay-color":"","overlay-opacity":"","overlay-gradient":""},"mobile":{"background-color":"var(--ast-global-color-5)","background-image":"","background-repeat":"repeat","background-position":"center center","background-size":"auto","background-attachment":"scroll","background-type":"","background-media":"","overlay-type":"","overlay-color":"","overlay-opacity":"","overlay-gradient":""}},"footnotes":""},"categories":[70],"tags":[77,79,78],"class_list":["post-4523","post","type-post","status-publish","format-standard","has-post-thumbnail","hentry","category-unkategorisiert","tag-fruhling-2026","tag-ostern","tag-sommer-2026"],"yoast_head":"<!-- This site is optimized with the Yoast SEO plugin v27.5 - https:\/\/yoast.com\/product\/yoast-seo-wordpress\/ -->\n<title>Feiere Ostern mit Stil mit IN THE MOOD<\/title>\n<meta name=\"description\" content=\"Ostern wird dieses Jahr besonders sch\u00f6n mit IN THE MOOD \u2713 IN THE MOOD ist dein Lieblingsgesch\u00e4ft f\u00fcr Damenbekleidung in Venlo\" \/>\n<meta name=\"robots\" content=\"index, follow, max-snippet:-1, max-image-preview:large, max-video-preview:-1\" \/>\n<link rel=\"canonical\" href=\"https:\/\/www.inthemoodvenlo.nl\/de\/feiere-ostern-mit-stil\/\" \/>\n<meta property=\"og:locale\" content=\"de_DE\" \/>\n<meta property=\"og:type\" content=\"article\" \/>\n<meta property=\"og:title\" content=\"Feiere Ostern mit Stil mit IN THE MOOD\" \/>\n<meta property=\"og:description\" content=\"Ostern wird dieses Jahr besonders sch\u00f6n mit IN THE MOOD \u2713 IN THE MOOD ist dein Lieblingsgesch\u00e4ft f\u00fcr Damenbekleidung in Venlo\" \/>\n<meta property=\"og:url\" content=\"https:\/\/www.inthemoodvenlo.nl\/de\/feiere-ostern-mit-stil\/\" \/>\n<meta property=\"og:site_name\" content=\"in the MOOD\" \/>\n<meta property=\"article:published_time\" content=\"2026-03-31T19:49:31+00:00\" \/>\n<meta property=\"article:modified_time\" content=\"2026-04-29T07:59:32+00:00\" \/>\n<meta property=\"og:image\" content=\"https:\/\/www.inthemoodvenlo.nl\/wp-content\/uploads\/2026\/03\/pasen2.jpg\" \/>\n\t<meta property=\"og:image:width\" content=\"1000\" \/>\n\t<meta property=\"og:image:height\" content=\"1000\" \/>\n\t<meta property=\"og:image:type\" content=\"image\/jpeg\" \/>\n<meta name=\"author\" content=\"InTheMOOD\" \/>\n<meta name=\"twitter:card\" content=\"summary_large_image\" \/>\n<meta name=\"twitter:label1\" content=\"Verfasst von\" \/>\n\t<meta name=\"twitter:data1\" content=\"InTheMOOD\" \/>\n\t<meta name=\"twitter:label2\" content=\"Gesch\u00e4tzte Lesezeit\" \/>\n\t<meta name=\"twitter:data2\" content=\"2\u00a0Minuten\" \/>\n<script type=\"application\/ld+json\" class=\"yoast-schema-graph\">{\"@context\":\"https:\\\/\\\/schema.org\",\"@graph\":[{\"@type\":\"Article\",\"@id\":\"https:\\\/\\\/www.inthemoodvenlo.nl\\\/de\\\/feiere-ostern-mit-stil\\\/#article\",\"isPartOf\":{\"@id\":\"https:\\\/\\\/www.inthemoodvenlo.nl\\\/de\\\/feiere-ostern-mit-stil\\\/\"},\"author\":{\"name\":\"InTheMOOD\",\"@id\":\"https:\\\/\\\/www.inthemoodvenlo.nl\\\/de\\\/#\\\/schema\\\/person\\\/c226c9f0cf2f09963d6dc935237c6ce5\"},\"headline\":\"Feiere Ostern mit Stil!\",\"datePublished\":\"2026-03-31T19:49:31+00:00\",\"dateModified\":\"2026-04-29T07:59:32+00:00\",\"mainEntityOfPage\":{\"@id\":\"https:\\\/\\\/www.inthemoodvenlo.nl\\\/de\\\/feiere-ostern-mit-stil\\\/\"},\"wordCount\":387,\"image\":{\"@id\":\"https:\\\/\\\/www.inthemoodvenlo.nl\\\/de\\\/feiere-ostern-mit-stil\\\/#primaryimage\"},\"thumbnailUrl\":\"https:\\\/\\\/www.inthemoodvenlo.nl\\\/wp-content\\\/uploads\\\/2026\\\/03\\\/pasen2.jpg\",\"keywords\":[\"Fr\u00fchling 2026\",\"Ostern\",\"Sommer 2026\"],\"articleSection\":[\"Unkategorisiert\"],\"inLanguage\":\"de\"},{\"@type\":\"WebPage\",\"@id\":\"https:\\\/\\\/www.inthemoodvenlo.nl\\\/de\\\/feiere-ostern-mit-stil\\\/\",\"url\":\"https:\\\/\\\/www.inthemoodvenlo.nl\\\/de\\\/feiere-ostern-mit-stil\\\/\",\"name\":\"Feiere Ostern mit Stil mit IN THE MOOD\",\"isPartOf\":{\"@id\":\"https:\\\/\\\/www.inthemoodvenlo.nl\\\/de\\\/#website\"},\"primaryImageOfPage\":{\"@id\":\"https:\\\/\\\/www.inthemoodvenlo.nl\\\/de\\\/feiere-ostern-mit-stil\\\/#primaryimage\"},\"image\":{\"@id\":\"https:\\\/\\\/www.inthemoodvenlo.nl\\\/de\\\/feiere-ostern-mit-stil\\\/#primaryimage\"},\"thumbnailUrl\":\"https:\\\/\\\/www.inthemoodvenlo.nl\\\/wp-content\\\/uploads\\\/2026\\\/03\\\/pasen2.jpg\",\"datePublished\":\"2026-03-31T19:49:31+00:00\",\"dateModified\":\"2026-04-29T07:59:32+00:00\",\"author\":{\"@id\":\"https:\\\/\\\/www.inthemoodvenlo.nl\\\/de\\\/#\\\/schema\\\/person\\\/c226c9f0cf2f09963d6dc935237c6ce5\"},\"description\":\"Ostern wird dieses Jahr besonders sch\u00f6n mit IN THE MOOD \u2713 IN THE MOOD ist dein Lieblingsgesch\u00e4ft f\u00fcr Damenbekleidung in Venlo\",\"breadcrumb\":{\"@id\":\"https:\\\/\\\/www.inthemoodvenlo.nl\\\/de\\\/feiere-ostern-mit-stil\\\/#breadcrumb\"},\"inLanguage\":\"de\",\"potentialAction\":[{\"@type\":\"ReadAction\",\"target\":[\"https:\\\/\\\/www.inthemoodvenlo.nl\\\/de\\\/feiere-ostern-mit-stil\\\/\"]}]},{\"@type\":\"ImageObject\",\"inLanguage\":\"de\",\"@id\":\"https:\\\/\\\/www.inthemoodvenlo.nl\\\/de\\\/feiere-ostern-mit-stil\\\/#primaryimage\",\"url\":\"https:\\\/\\\/www.inthemoodvenlo.nl\\\/wp-content\\\/uploads\\\/2026\\\/03\\\/pasen2.jpg\",\"contentUrl\":\"https:\\\/\\\/www.inthemoodvenlo.nl\\\/wp-content\\\/uploads\\\/2026\\\/03\\\/pasen2.jpg\",\"width\":1000,\"height\":1000,\"caption\":\"Ostern\"},{\"@type\":\"BreadcrumbList\",\"@id\":\"https:\\\/\\\/www.inthemoodvenlo.nl\\\/de\\\/feiere-ostern-mit-stil\\\/#breadcrumb\",\"itemListElement\":[{\"@type\":\"ListItem\",\"position\":1,\"name\":\"Startseite\",\"item\":\"https:\\\/\\\/www.inthemoodvenlo.nl\\\/de\\\/home\\\/\"},{\"@type\":\"ListItem\",\"position\":2,\"name\":\"Feiere Ostern mit Stil!\"}]},{\"@type\":\"WebSite\",\"@id\":\"https:\\\/\\\/www.inthemoodvenlo.nl\\\/de\\\/#website\",\"url\":\"https:\\\/\\\/www.inthemoodvenlo.nl\\\/de\\\/\",\"name\":\"in the MOOD\",\"description\":\"Lifestyle Boutique\",\"potentialAction\":[{\"@type\":\"SearchAction\",\"target\":{\"@type\":\"EntryPoint\",\"urlTemplate\":\"https:\\\/\\\/www.inthemoodvenlo.nl\\\/de\\\/?s={search_term_string}\"},\"query-input\":{\"@type\":\"PropertyValueSpecification\",\"valueRequired\":true,\"valueName\":\"search_term_string\"}}],\"inLanguage\":\"de\"},{\"@type\":\"Person\",\"@id\":\"https:\\\/\\\/www.inthemoodvenlo.nl\\\/de\\\/#\\\/schema\\\/person\\\/c226c9f0cf2f09963d6dc935237c6ce5\",\"name\":\"InTheMOOD\",\"url\":\"https:\\\/\\\/www.inthemoodvenlo.nl\\\/de\\\/author\\\/inthemood\\\/\"}]}<\/script>\n<!-- \/ Yoast SEO plugin. -->","yoast_head_json":{"title":"Feiere Ostern mit Stil mit IN THE MOOD","description":"Ostern wird dieses Jahr besonders sch\u00f6n mit IN THE MOOD \u2713 IN THE MOOD ist dein Lieblingsgesch\u00e4ft f\u00fcr Damenbekleidung in Venlo","robots":{"index":"index","follow":"follow","max-snippet":"max-snippet:-1","max-image-preview":"max-image-preview:large","max-video-preview":"max-video-preview:-1"},"canonical":"https:\/\/www.inthemoodvenlo.nl\/de\/feiere-ostern-mit-stil\/","og_locale":"de_DE","og_type":"article","og_title":"Feiere Ostern mit Stil mit IN THE MOOD","og_description":"Ostern wird dieses Jahr besonders sch\u00f6n mit IN THE MOOD \u2713 IN THE MOOD ist dein Lieblingsgesch\u00e4ft f\u00fcr Damenbekleidung in Venlo","og_url":"https:\/\/www.inthemoodvenlo.nl\/de\/feiere-ostern-mit-stil\/","og_site_name":"in the MOOD","article_published_time":"2026-03-31T19:49:31+00:00","article_modified_time":"2026-04-29T07:59:32+00:00","og_image":[{"width":1000,"height":1000,"url":"https:\/\/www.inthemoodvenlo.nl\/wp-content\/uploads\/2026\/03\/pasen2.jpg","type":"image\/jpeg"}],"author":"InTheMOOD","twitter_card":"summary_large_image","twitter_misc":{"Verfasst von":"InTheMOOD","Gesch\u00e4tzte Lesezeit":"2\u00a0Minuten"},"schema":{"@context":"https:\/\/schema.org","@graph":[{"@type":"Article","@id":"https:\/\/www.inthemoodvenlo.nl\/de\/feiere-ostern-mit-stil\/#article","isPartOf":{"@id":"https:\/\/www.inthemoodvenlo.nl\/de\/feiere-ostern-mit-stil\/"},"author":{"name":"InTheMOOD","@id":"https:\/\/www.inthemoodvenlo.nl\/de\/#\/schema\/person\/c226c9f0cf2f09963d6dc935237c6ce5"},"headline":"Feiere Ostern mit Stil!","datePublished":"2026-03-31T19:49:31+00:00","dateModified":"2026-04-29T07:59:32+00:00","mainEntityOfPage":{"@id":"https:\/\/www.inthemoodvenlo.nl\/de\/feiere-ostern-mit-stil\/"},"wordCount":387,"image":{"@id":"https:\/\/www.inthemoodvenlo.nl\/de\/feiere-ostern-mit-stil\/#primaryimage"},"thumbnailUrl":"https:\/\/www.inthemoodvenlo.nl\/wp-content\/uploads\/2026\/03\/pasen2.jpg","keywords":["Fr\u00fchling 2026","Ostern","Sommer 2026"],"articleSection":["Unkategorisiert"],"inLanguage":"de"},{"@type":"WebPage","@id":"https:\/\/www.inthemoodvenlo.nl\/de\/feiere-ostern-mit-stil\/","url":"https:\/\/www.inthemoodvenlo.nl\/de\/feiere-ostern-mit-stil\/","name":"Feiere Ostern mit Stil mit IN THE MOOD","isPartOf":{"@id":"https:\/\/www.inthemoodvenlo.nl\/de\/#website"},"primaryImageOfPage":{"@id":"https:\/\/www.inthemoodvenlo.nl\/de\/feiere-ostern-mit-stil\/#primaryimage"},"image":{"@id":"https:\/\/www.inthemoodvenlo.nl\/de\/feiere-ostern-mit-stil\/#primaryimage"},"thumbnailUrl":"https:\/\/www.inthemoodvenlo.nl\/wp-content\/uploads\/2026\/03\/pasen2.jpg","datePublished":"2026-03-31T19:49:31+00:00","dateModified":"2026-04-29T07:59:32+00:00","author":{"@id":"https:\/\/www.inthemoodvenlo.nl\/de\/#\/schema\/person\/c226c9f0cf2f09963d6dc935237c6ce5"},"description":"Ostern wird dieses Jahr besonders sch\u00f6n mit IN THE MOOD \u2713 IN THE MOOD ist dein Lieblingsgesch\u00e4ft f\u00fcr Damenbekleidung in Venlo","breadcrumb":{"@id":"https:\/\/www.inthemoodvenlo.nl\/de\/feiere-ostern-mit-stil\/#breadcrumb"},"inLanguage":"de","potentialAction":[{"@type":"ReadAction","target":["https:\/\/www.inthemoodvenlo.nl\/de\/feiere-ostern-mit-stil\/"]}]},{"@type":"ImageObject","inLanguage":"de","@id":"https:\/\/www.inthemoodvenlo.nl\/de\/feiere-ostern-mit-stil\/#primaryimage","url":"https:\/\/www.inthemoodvenlo.nl\/wp-content\/uploads\/2026\/03\/pasen2.jpg","contentUrl":"https:\/\/www.inthemoodvenlo.nl\/wp-content\/uploads\/2026\/03\/pasen2.jpg","width":1000,"height":1000,"caption":"Ostern"},{"@type":"BreadcrumbList","@id":"https:\/\/www.inthemoodvenlo.nl\/de\/feiere-ostern-mit-stil\/#breadcrumb","itemListElement":[{"@type":"ListItem","position":1,"name":"Startseite","item":"https:\/\/www.inthemoodvenlo.nl\/de\/home\/"},{"@type":"ListItem","position":2,"name":"Feiere Ostern mit Stil!"}]},{"@type":"WebSite","@id":"https:\/\/www.inthemoodvenlo.nl\/de\/#website","url":"https:\/\/www.inthemoodvenlo.nl\/de\/","name":"in the MOOD","description":"Lifestyle Boutique","potentialAction":[{"@type":"SearchAction","target":{"@type":"EntryPoint","urlTemplate":"https:\/\/www.inthemoodvenlo.nl\/de\/?s={search_term_string}"},"query-input":{"@type":"PropertyValueSpecification","valueRequired":true,"valueName":"search_term_string"}}],"inLanguage":"de"},{"@type":"Person","@id":"https:\/\/www.inthemoodvenlo.nl\/de\/#\/schema\/person\/c226c9f0cf2f09963d6dc935237c6ce5","name":"InTheMOOD","url":"https:\/\/www.inthemoodvenlo.nl\/de\/author\/inthemood\/"}]}},"_links":{"self":[{"href":"https:\/\/www.inthemoodvenlo.nl\/de\/wp-json\/wp\/v2\/posts\/4523","targetHints":{"allow":["GET"]}}],"collection":[{"href":"https:\/\/www.inthemoodvenlo.nl\/de\/wp-json\/wp\/v2\/posts"}],"about":[{"href":"https:\/\/www.inthemoodvenlo.nl\/de\/wp-json\/wp\/v2\/types\/post"}],"author":[{"embeddable":true,"href":"https:\/\/www.inthemoodvenlo.nl\/de\/wp-json\/wp\/v2\/users\/3"}],"replies":[{"embeddable":true,"href":"https:\/\/www.inthemoodvenlo.nl\/de\/wp-json\/wp\/v2\/comments?post=4523"}],"version-history":[{"count":1,"href":"https:\/\/www.inthemoodvenlo.nl\/de\/wp-json\/wp\/v2\/posts\/4523\/revisions"}],"predecessor-version":[{"id":4525,"href":"https:\/\/www.inthemoodvenlo.nl\/de\/wp-json\/wp\/v2\/posts\/4523\/revisions\/4525"}],"wp:featuredmedia":[{"embeddable":true,"href":"https:\/\/www.inthemoodvenlo.nl\/de\/wp-json\/wp\/v2\/media\/4524"}],"wp:attachment":[{"href":"https:\/\/www.inthemoodvenlo.nl\/de\/wp-json\/wp\/v2\/media?parent=4523"}],"wp:term":[{"taxonomy":"category","embeddable":true,"href":"https:\/\/www.inthemoodvenlo.nl\/de\/wp-json\/wp\/v2\/categories?post=4523"},{"taxonomy":"post_tag","embeddable":true,"href":"https:\/\/www.inthemoodvenlo.nl\/de\/wp-json\/wp\/v2\/tags?post=4523"}],"curies":[{"name":"wp","href":"https:\/\/api.w.org\/{rel}","templated":true}]}}