{"id":4577,"date":"2026-02-26T21:56:05","date_gmt":"2026-02-26T19:56:05","guid":{"rendered":"https:\/\/www.inthemoodvenlo.nl\/spring-summer-2026-fashion-show\/"},"modified":"2026-04-29T10:04:56","modified_gmt":"2026-04-29T08:04:56","slug":"spring-summer-2026-fashion-show","status":"publish","type":"post","link":"https:\/\/www.inthemoodvenlo.nl\/de\/spring-summer-2026-fashion-show\/","title":{"rendered":"spring\/summer 2026 Fashion Show"},"content":{"rendered":"\n<p><em>A new season. A new story to tell.<\/em> Entdecke unsere Kollektion w\u00e4hrend unserer SS2026-Modenschau \u2013 dieses Mal ein wenig anders, an einem stimmungsvollen Ort, umgeben von Gr\u00fcn, Atmosph\u00e4re und Geschmack. Inklusive eines k\u00f6stlichen Lunchs. <\/p>\n\n<p><\/p>\n\n<figure class=\"wp-block-image aligncenter size-full\"><img fetchpriority=\"high\" decoding=\"async\" width=\"1000\" height=\"1000\" src=\"https:\/\/www.inthemoodvenlo.nl\/wp-content\/uploads\/2026\/02\/in-the-mood-venlo2.jpg\" alt=\"\" class=\"wp-image-4021\" srcset=\"https:\/\/www.inthemoodvenlo.nl\/wp-content\/uploads\/2026\/02\/in-the-mood-venlo2.jpg 1000w, https:\/\/www.inthemoodvenlo.nl\/wp-content\/uploads\/2026\/02\/in-the-mood-venlo2-300x300.jpg 300w, https:\/\/www.inthemoodvenlo.nl\/wp-content\/uploads\/2026\/02\/in-the-mood-venlo2-150x150.jpg 150w, https:\/\/www.inthemoodvenlo.nl\/wp-content\/uploads\/2026\/02\/in-the-mood-venlo2-768x768.jpg 768w, https:\/\/www.inthemoodvenlo.nl\/wp-content\/uploads\/2026\/02\/in-the-mood-venlo2-700x700.jpg 700w\" sizes=\"(max-width: 1000px) 100vw, 1000px\" \/><\/figure>\n\n<p><\/p>\n\n<p><strong>Wie sieht das Programm aus?<\/strong> Wir starten nat\u00fcrlich gemeinsam bei IN THE MOOD in Venlo, unserer Fashion-Boutique im Zentrum. In der Jodenstraat 24 beginnt das Programm ab 11:30 Uhr. <\/p>\n\n<p><\/p>\n\n<figure class=\"wp-block-image aligncenter size-full\"><img decoding=\"async\" width=\"1000\" height=\"1000\" src=\"https:\/\/www.inthemoodvenlo.nl\/wp-content\/uploads\/2026\/02\/in-the-mood-venlo.jpg\" alt=\"\" class=\"wp-image-4022\" srcset=\"https:\/\/www.inthemoodvenlo.nl\/wp-content\/uploads\/2026\/02\/in-the-mood-venlo.jpg 1000w, https:\/\/www.inthemoodvenlo.nl\/wp-content\/uploads\/2026\/02\/in-the-mood-venlo-300x300.jpg 300w, https:\/\/www.inthemoodvenlo.nl\/wp-content\/uploads\/2026\/02\/in-the-mood-venlo-150x150.jpg 150w, https:\/\/www.inthemoodvenlo.nl\/wp-content\/uploads\/2026\/02\/in-the-mood-venlo-768x768.jpg 768w, https:\/\/www.inthemoodvenlo.nl\/wp-content\/uploads\/2026\/02\/in-the-mood-venlo-700x700.jpg 700w\" sizes=\"(max-width: 1000px) 100vw, 1000px\" \/><\/figure>\n\n<p><\/p>\n\n<p><strong>Was kannst du bei dieser einzigartigen Fashion Show erwarten? <\/strong>Nat\u00fcrlich erlebst du IN THE MOOD von seiner besten Seite. Wir bieten dir einen Nachmittag voller Stil, Aufmerksamkeit und Handwerk. Genie\u00dfe sch\u00f6ne \u00dcberraschungen, einen attraktiven Cashback und nat\u00fcrlich ein exklusives Geschenk zum Abschluss. Kurz gesagt: ein Nachmittag, den keine <em>Fashionista<\/em> verpassen darf.    <\/p>\n\n<p><\/p>\n\n<figure class=\"wp-block-image aligncenter size-full\"><img decoding=\"async\" width=\"1000\" height=\"1000\" src=\"https:\/\/www.inthemoodvenlo.nl\/wp-content\/uploads\/2026\/02\/in-the-mood-venlo3.jpg\" alt=\"\" class=\"wp-image-4023\" srcset=\"https:\/\/www.inthemoodvenlo.nl\/wp-content\/uploads\/2026\/02\/in-the-mood-venlo3.jpg 1000w, https:\/\/www.inthemoodvenlo.nl\/wp-content\/uploads\/2026\/02\/in-the-mood-venlo3-300x300.jpg 300w, https:\/\/www.inthemoodvenlo.nl\/wp-content\/uploads\/2026\/02\/in-the-mood-venlo3-150x150.jpg 150w, https:\/\/www.inthemoodvenlo.nl\/wp-content\/uploads\/2026\/02\/in-the-mood-venlo3-768x768.jpg 768w, https:\/\/www.inthemoodvenlo.nl\/wp-content\/uploads\/2026\/02\/in-the-mood-venlo3-700x700.jpg 700w\" sizes=\"(max-width: 1000px) 100vw, 1000px\" \/><\/figure>\n\n<p><\/p>\n\n<p><strong>Wie sorge ich daf\u00fcr, dass ich dabei bin? <\/strong>Es sind noch einige Pl\u00e4tze verf\u00fcgbar, aber lass dir die Chance nicht entgehen, denn die Teilnehmerzahl ist begrenzt. Ein All-inclusive-Ticket kostet 49,90 \u20ac und daf\u00fcr bekommst du einen unvergesslichen Nachmittag. Reserviere schnell deinen Platz, damit du diese Edition nicht verpasst. Besuche unser Instagram und <a href=\"https:\/\/www.instagram.com\/inthemoodvenlo_\/\">slide in die DM<\/a> oder sende eine E-Mail an info@inthemood.nl f\u00fcr dein Ticket.    <\/p>\n\n<p>Sehen, erleben, shoppen und genie\u00dfen. Dies ist die Modenschau der Saison! Starte mit IN THE MOOD in den Fr\u00fchling und mach das Shoppen wieder zu einem Fest!   <\/p>\n\n<p><\/p>\n","protected":false},"excerpt":{"rendered":"<p>A new season. A new story to tell. Entdecke unsere Kollektion w\u00e4hrend unserer SS2026-Modenschau \u2013 dieses Mal ein wenig anders, an einem stimmungsvollen Ort, umgeben von Gr\u00fcn, Atmosph\u00e4re und Geschmack. Inklusive eines k\u00f6stlichen Lunchs. Wie sieht das Programm aus? Wir starten nat\u00fcrlich gemeinsam bei IN THE MOOD in Venlo, unserer Fashion-Boutique im Zentrum. In der [&hellip;]<\/p>\n","protected":false},"author":3,"featured_media":4578,"comment_status":"closed","ping_status":"closed","sticky":false,"template":"","format":"standard","meta":{"site-sidebar-layout":"default","site-content-layout":"","ast-site-content-layout":"default","site-content-style":"default","site-sidebar-style":"default","ast-global-header-display":"","ast-banner-title-visibility":"","ast-main-header-display":"","ast-hfb-above-header-display":"","ast-hfb-below-header-display":"","ast-hfb-mobile-header-display":"","site-post-title":"","ast-breadcrumbs-content":"","ast-featured-img":"","footer-sml-layout":"","ast-disable-related-posts":"","theme-transparent-header-meta":"","adv-header-id-meta":"","stick-header-meta":"","header-above-stick-meta":"","header-main-stick-meta":"","header-below-stick-meta":"","astra-migrate-meta-layouts":"default","ast-page-background-enabled":"default","ast-page-background-meta":{"desktop":{"background-color":"var(--ast-global-color-4)","background-image":"","background-repeat":"repeat","background-position":"center center","background-size":"auto","background-attachment":"scroll","background-type":"","background-media":"","overlay-type":"","overlay-color":"","overlay-opacity":"","overlay-gradient":""},"tablet":{"background-color":"","background-image":"","background-repeat":"repeat","background-position":"center center","background-size":"auto","background-attachment":"scroll","background-type":"","background-media":"","overlay-type":"","overlay-color":"","overlay-opacity":"","overlay-gradient":""},"mobile":{"background-color":"","background-image":"","background-repeat":"repeat","background-position":"center center","background-size":"auto","background-attachment":"scroll","background-type":"","background-media":"","overlay-type":"","overlay-color":"","overlay-opacity":"","overlay-gradient":""}},"ast-content-background-meta":{"desktop":{"background-color":"var(--ast-global-color-5)","background-image":"","background-repeat":"repeat","background-position":"center center","background-size":"auto","background-attachment":"scroll","background-type":"","background-media":"","overlay-type":"","overlay-color":"","overlay-opacity":"","overlay-gradient":""},"tablet":{"background-color":"var(--ast-global-color-5)","background-image":"","background-repeat":"repeat","background-position":"center center","background-size":"auto","background-attachment":"scroll","background-type":"","background-media":"","overlay-type":"","overlay-color":"","overlay-opacity":"","overlay-gradient":""},"mobile":{"background-color":"var(--ast-global-color-5)","background-image":"","background-repeat":"repeat","background-position":"center center","background-size":"auto","background-attachment":"scroll","background-type":"","background-media":"","overlay-type":"","overlay-color":"","overlay-opacity":"","overlay-gradient":""}},"footnotes":""},"categories":[70],"tags":[],"class_list":["post-4577","post","type-post","status-publish","format-standard","has-post-thumbnail","hentry","category-unkategorisiert"],"yoast_head":"<!-- This site is optimized with the Yoast SEO plugin v27.5 - https:\/\/yoast.com\/product\/yoast-seo-wordpress\/ -->\n<title>spring\/summer 2026 Fashion Show<\/title>\n<meta name=\"description\" content=\"Bist du bei unserer spring\/summer &#039;26 Fashion Show dabei? \u2713 IN THE MOOD ist dein Gesch\u00e4ft f\u00fcr Damenmode in Venlo\" \/>\n<meta name=\"robots\" content=\"index, follow, max-snippet:-1, max-image-preview:large, max-video-preview:-1\" \/>\n<link rel=\"canonical\" href=\"https:\/\/www.inthemoodvenlo.nl\/de\/spring-summer-2026-fashion-show\/\" \/>\n<meta property=\"og:locale\" content=\"de_DE\" \/>\n<meta property=\"og:type\" content=\"article\" \/>\n<meta property=\"og:title\" content=\"spring\/summer 2026 Fashion Show\" \/>\n<meta property=\"og:description\" content=\"Bist du bei unserer spring\/summer &#039;26 Fashion Show dabei? \u2713 IN THE MOOD ist dein Gesch\u00e4ft f\u00fcr Damenmode in Venlo\" \/>\n<meta property=\"og:url\" content=\"https:\/\/www.inthemoodvenlo.nl\/de\/spring-summer-2026-fashion-show\/\" \/>\n<meta property=\"og:site_name\" content=\"in the MOOD\" \/>\n<meta property=\"article:published_time\" content=\"2026-02-26T19:56:05+00:00\" \/>\n<meta property=\"article:modified_time\" content=\"2026-04-29T08:04:56+00:00\" \/>\n<meta property=\"og:image\" content=\"https:\/\/www.inthemoodvenlo.nl\/wp-content\/uploads\/2026\/02\/image00001-2-819x1024.png\" \/>\n\t<meta property=\"og:image:width\" content=\"819\" \/>\n\t<meta property=\"og:image:height\" content=\"1024\" \/>\n\t<meta property=\"og:image:type\" content=\"image\/png\" \/>\n<meta name=\"author\" content=\"InTheMOOD\" \/>\n<meta name=\"twitter:card\" content=\"summary_large_image\" \/>\n<meta name=\"twitter:label1\" content=\"Verfasst von\" \/>\n\t<meta name=\"twitter:data1\" content=\"InTheMOOD\" \/>\n\t<meta name=\"twitter:label2\" content=\"Gesch\u00e4tzte Lesezeit\" \/>\n\t<meta name=\"twitter:data2\" content=\"1\u00a0Minute\" \/>\n<script type=\"application\/ld+json\" class=\"yoast-schema-graph\">{\"@context\":\"https:\\\/\\\/schema.org\",\"@graph\":[{\"@type\":\"Article\",\"@id\":\"https:\\\/\\\/www.inthemoodvenlo.nl\\\/de\\\/spring-summer-2026-fashion-show\\\/#article\",\"isPartOf\":{\"@id\":\"https:\\\/\\\/www.inthemoodvenlo.nl\\\/de\\\/spring-summer-2026-fashion-show\\\/\"},\"author\":{\"name\":\"InTheMOOD\",\"@id\":\"https:\\\/\\\/www.inthemoodvenlo.nl\\\/de\\\/#\\\/schema\\\/person\\\/c226c9f0cf2f09963d6dc935237c6ce5\"},\"headline\":\"spring\\\/summer 2026 Fashion Show\",\"datePublished\":\"2026-02-26T19:56:05+00:00\",\"dateModified\":\"2026-04-29T08:04:56+00:00\",\"mainEntityOfPage\":{\"@id\":\"https:\\\/\\\/www.inthemoodvenlo.nl\\\/de\\\/spring-summer-2026-fashion-show\\\/\"},\"wordCount\":224,\"image\":{\"@id\":\"https:\\\/\\\/www.inthemoodvenlo.nl\\\/de\\\/spring-summer-2026-fashion-show\\\/#primaryimage\"},\"thumbnailUrl\":\"https:\\\/\\\/www.inthemoodvenlo.nl\\\/wp-content\\\/uploads\\\/2026\\\/02\\\/image00001-2.png\",\"articleSection\":[\"Unkategorisiert\"],\"inLanguage\":\"de\"},{\"@type\":\"WebPage\",\"@id\":\"https:\\\/\\\/www.inthemoodvenlo.nl\\\/de\\\/spring-summer-2026-fashion-show\\\/\",\"url\":\"https:\\\/\\\/www.inthemoodvenlo.nl\\\/de\\\/spring-summer-2026-fashion-show\\\/\",\"name\":\"spring\\\/summer 2026 Fashion Show\",\"isPartOf\":{\"@id\":\"https:\\\/\\\/www.inthemoodvenlo.nl\\\/de\\\/#website\"},\"primaryImageOfPage\":{\"@id\":\"https:\\\/\\\/www.inthemoodvenlo.nl\\\/de\\\/spring-summer-2026-fashion-show\\\/#primaryimage\"},\"image\":{\"@id\":\"https:\\\/\\\/www.inthemoodvenlo.nl\\\/de\\\/spring-summer-2026-fashion-show\\\/#primaryimage\"},\"thumbnailUrl\":\"https:\\\/\\\/www.inthemoodvenlo.nl\\\/wp-content\\\/uploads\\\/2026\\\/02\\\/image00001-2.png\",\"datePublished\":\"2026-02-26T19:56:05+00:00\",\"dateModified\":\"2026-04-29T08:04:56+00:00\",\"author\":{\"@id\":\"https:\\\/\\\/www.inthemoodvenlo.nl\\\/de\\\/#\\\/schema\\\/person\\\/c226c9f0cf2f09963d6dc935237c6ce5\"},\"description\":\"Bist du bei unserer spring\\\/summer '26 Fashion Show dabei? \u2713 IN THE MOOD ist dein Gesch\u00e4ft f\u00fcr Damenmode in Venlo\",\"breadcrumb\":{\"@id\":\"https:\\\/\\\/www.inthemoodvenlo.nl\\\/de\\\/spring-summer-2026-fashion-show\\\/#breadcrumb\"},\"inLanguage\":\"de\",\"potentialAction\":[{\"@type\":\"ReadAction\",\"target\":[\"https:\\\/\\\/www.inthemoodvenlo.nl\\\/de\\\/spring-summer-2026-fashion-show\\\/\"]}]},{\"@type\":\"ImageObject\",\"inLanguage\":\"de\",\"@id\":\"https:\\\/\\\/www.inthemoodvenlo.nl\\\/de\\\/spring-summer-2026-fashion-show\\\/#primaryimage\",\"url\":\"https:\\\/\\\/www.inthemoodvenlo.nl\\\/wp-content\\\/uploads\\\/2026\\\/02\\\/image00001-2.png\",\"contentUrl\":\"https:\\\/\\\/www.inthemoodvenlo.nl\\\/wp-content\\\/uploads\\\/2026\\\/02\\\/image00001-2.png\",\"width\":1080,\"height\":1350,\"caption\":\"IN THE MOOD Modenschau\"},{\"@type\":\"BreadcrumbList\",\"@id\":\"https:\\\/\\\/www.inthemoodvenlo.nl\\\/de\\\/spring-summer-2026-fashion-show\\\/#breadcrumb\",\"itemListElement\":[{\"@type\":\"ListItem\",\"position\":1,\"name\":\"Startseite\",\"item\":\"https:\\\/\\\/www.inthemoodvenlo.nl\\\/de\\\/home\\\/\"},{\"@type\":\"ListItem\",\"position\":2,\"name\":\"spring\\\/summer 2026 Fashion Show\"}]},{\"@type\":\"WebSite\",\"@id\":\"https:\\\/\\\/www.inthemoodvenlo.nl\\\/de\\\/#website\",\"url\":\"https:\\\/\\\/www.inthemoodvenlo.nl\\\/de\\\/\",\"name\":\"in the MOOD\",\"description\":\"Lifestyle Boutique\",\"potentialAction\":[{\"@type\":\"SearchAction\",\"target\":{\"@type\":\"EntryPoint\",\"urlTemplate\":\"https:\\\/\\\/www.inthemoodvenlo.nl\\\/de\\\/?s={search_term_string}\"},\"query-input\":{\"@type\":\"PropertyValueSpecification\",\"valueRequired\":true,\"valueName\":\"search_term_string\"}}],\"inLanguage\":\"de\"},{\"@type\":\"Person\",\"@id\":\"https:\\\/\\\/www.inthemoodvenlo.nl\\\/de\\\/#\\\/schema\\\/person\\\/c226c9f0cf2f09963d6dc935237c6ce5\",\"name\":\"InTheMOOD\",\"url\":\"https:\\\/\\\/www.inthemoodvenlo.nl\\\/de\\\/author\\\/inthemood\\\/\"}]}<\/script>\n<!-- \/ Yoast SEO plugin. -->","yoast_head_json":{"title":"spring\/summer 2026 Fashion Show","description":"Bist du bei unserer spring\/summer '26 Fashion Show dabei? \u2713 IN THE MOOD ist dein Gesch\u00e4ft f\u00fcr Damenmode in Venlo","robots":{"index":"index","follow":"follow","max-snippet":"max-snippet:-1","max-image-preview":"max-image-preview:large","max-video-preview":"max-video-preview:-1"},"canonical":"https:\/\/www.inthemoodvenlo.nl\/de\/spring-summer-2026-fashion-show\/","og_locale":"de_DE","og_type":"article","og_title":"spring\/summer 2026 Fashion Show","og_description":"Bist du bei unserer spring\/summer '26 Fashion Show dabei? \u2713 IN THE MOOD ist dein Gesch\u00e4ft f\u00fcr Damenmode in Venlo","og_url":"https:\/\/www.inthemoodvenlo.nl\/de\/spring-summer-2026-fashion-show\/","og_site_name":"in the MOOD","article_published_time":"2026-02-26T19:56:05+00:00","article_modified_time":"2026-04-29T08:04:56+00:00","og_image":[{"width":819,"height":1024,"url":"https:\/\/www.inthemoodvenlo.nl\/wp-content\/uploads\/2026\/02\/image00001-2-819x1024.png","type":"image\/png"}],"author":"InTheMOOD","twitter_card":"summary_large_image","twitter_misc":{"Verfasst von":"InTheMOOD","Gesch\u00e4tzte Lesezeit":"1\u00a0Minute"},"schema":{"@context":"https:\/\/schema.org","@graph":[{"@type":"Article","@id":"https:\/\/www.inthemoodvenlo.nl\/de\/spring-summer-2026-fashion-show\/#article","isPartOf":{"@id":"https:\/\/www.inthemoodvenlo.nl\/de\/spring-summer-2026-fashion-show\/"},"author":{"name":"InTheMOOD","@id":"https:\/\/www.inthemoodvenlo.nl\/de\/#\/schema\/person\/c226c9f0cf2f09963d6dc935237c6ce5"},"headline":"spring\/summer 2026 Fashion Show","datePublished":"2026-02-26T19:56:05+00:00","dateModified":"2026-04-29T08:04:56+00:00","mainEntityOfPage":{"@id":"https:\/\/www.inthemoodvenlo.nl\/de\/spring-summer-2026-fashion-show\/"},"wordCount":224,"image":{"@id":"https:\/\/www.inthemoodvenlo.nl\/de\/spring-summer-2026-fashion-show\/#primaryimage"},"thumbnailUrl":"https:\/\/www.inthemoodvenlo.nl\/wp-content\/uploads\/2026\/02\/image00001-2.png","articleSection":["Unkategorisiert"],"inLanguage":"de"},{"@type":"WebPage","@id":"https:\/\/www.inthemoodvenlo.nl\/de\/spring-summer-2026-fashion-show\/","url":"https:\/\/www.inthemoodvenlo.nl\/de\/spring-summer-2026-fashion-show\/","name":"spring\/summer 2026 Fashion Show","isPartOf":{"@id":"https:\/\/www.inthemoodvenlo.nl\/de\/#website"},"primaryImageOfPage":{"@id":"https:\/\/www.inthemoodvenlo.nl\/de\/spring-summer-2026-fashion-show\/#primaryimage"},"image":{"@id":"https:\/\/www.inthemoodvenlo.nl\/de\/spring-summer-2026-fashion-show\/#primaryimage"},"thumbnailUrl":"https:\/\/www.inthemoodvenlo.nl\/wp-content\/uploads\/2026\/02\/image00001-2.png","datePublished":"2026-02-26T19:56:05+00:00","dateModified":"2026-04-29T08:04:56+00:00","author":{"@id":"https:\/\/www.inthemoodvenlo.nl\/de\/#\/schema\/person\/c226c9f0cf2f09963d6dc935237c6ce5"},"description":"Bist du bei unserer spring\/summer '26 Fashion Show dabei? \u2713 IN THE MOOD ist dein Gesch\u00e4ft f\u00fcr Damenmode in Venlo","breadcrumb":{"@id":"https:\/\/www.inthemoodvenlo.nl\/de\/spring-summer-2026-fashion-show\/#breadcrumb"},"inLanguage":"de","potentialAction":[{"@type":"ReadAction","target":["https:\/\/www.inthemoodvenlo.nl\/de\/spring-summer-2026-fashion-show\/"]}]},{"@type":"ImageObject","inLanguage":"de","@id":"https:\/\/www.inthemoodvenlo.nl\/de\/spring-summer-2026-fashion-show\/#primaryimage","url":"https:\/\/www.inthemoodvenlo.nl\/wp-content\/uploads\/2026\/02\/image00001-2.png","contentUrl":"https:\/\/www.inthemoodvenlo.nl\/wp-content\/uploads\/2026\/02\/image00001-2.png","width":1080,"height":1350,"caption":"IN THE MOOD Modenschau"},{"@type":"BreadcrumbList","@id":"https:\/\/www.inthemoodvenlo.nl\/de\/spring-summer-2026-fashion-show\/#breadcrumb","itemListElement":[{"@type":"ListItem","position":1,"name":"Startseite","item":"https:\/\/www.inthemoodvenlo.nl\/de\/home\/"},{"@type":"ListItem","position":2,"name":"spring\/summer 2026 Fashion Show"}]},{"@type":"WebSite","@id":"https:\/\/www.inthemoodvenlo.nl\/de\/#website","url":"https:\/\/www.inthemoodvenlo.nl\/de\/","name":"in the MOOD","description":"Lifestyle Boutique","potentialAction":[{"@type":"SearchAction","target":{"@type":"EntryPoint","urlTemplate":"https:\/\/www.inthemoodvenlo.nl\/de\/?s={search_term_string}"},"query-input":{"@type":"PropertyValueSpecification","valueRequired":true,"valueName":"search_term_string"}}],"inLanguage":"de"},{"@type":"Person","@id":"https:\/\/www.inthemoodvenlo.nl\/de\/#\/schema\/person\/c226c9f0cf2f09963d6dc935237c6ce5","name":"InTheMOOD","url":"https:\/\/www.inthemoodvenlo.nl\/de\/author\/inthemood\/"}]}},"_links":{"self":[{"href":"https:\/\/www.inthemoodvenlo.nl\/de\/wp-json\/wp\/v2\/posts\/4577","targetHints":{"allow":["GET"]}}],"collection":[{"href":"https:\/\/www.inthemoodvenlo.nl\/de\/wp-json\/wp\/v2\/posts"}],"about":[{"href":"https:\/\/www.inthemoodvenlo.nl\/de\/wp-json\/wp\/v2\/types\/post"}],"author":[{"embeddable":true,"href":"https:\/\/www.inthemoodvenlo.nl\/de\/wp-json\/wp\/v2\/users\/3"}],"replies":[{"embeddable":true,"href":"https:\/\/www.inthemoodvenlo.nl\/de\/wp-json\/wp\/v2\/comments?post=4577"}],"version-history":[{"count":1,"href":"https:\/\/www.inthemoodvenlo.nl\/de\/wp-json\/wp\/v2\/posts\/4577\/revisions"}],"predecessor-version":[{"id":4579,"href":"https:\/\/www.inthemoodvenlo.nl\/de\/wp-json\/wp\/v2\/posts\/4577\/revisions\/4579"}],"wp:featuredmedia":[{"embeddable":true,"href":"https:\/\/www.inthemoodvenlo.nl\/de\/wp-json\/wp\/v2\/media\/4578"}],"wp:attachment":[{"href":"https:\/\/www.inthemoodvenlo.nl\/de\/wp-json\/wp\/v2\/media?parent=4577"}],"wp:term":[{"taxonomy":"category","embeddable":true,"href":"https:\/\/www.inthemoodvenlo.nl\/de\/wp-json\/wp\/v2\/categories?post=4577"},{"taxonomy":"post_tag","embeddable":true,"href":"https:\/\/www.inthemoodvenlo.nl\/de\/wp-json\/wp\/v2\/tags?post=4577"}],"curies":[{"name":"wp","href":"https:\/\/api.w.org\/{rel}","templated":true}]}}