{"id":4765,"date":"2026-01-28T18:39:37","date_gmt":"2026-01-28T16:39:37","guid":{"rendered":"https:\/\/www.inthemoodvenlo.nl\/unsere-top-5-must-haves-fuer-einen-stilvollen-saisonstart\/"},"modified":"2026-04-29T10:09:29","modified_gmt":"2026-04-29T08:09:29","slug":"unsere-top-5-must-haves-fuer-einen-stilvollen-saisonstart","status":"publish","type":"post","link":"https:\/\/www.inthemoodvenlo.nl\/de\/unsere-top-5-must-haves-fuer-einen-stilvollen-saisonstart\/","title":{"rendered":"Unsere Top 5 Must-haves f\u00fcr einen stilvollen Saisonstart!"},"content":{"rendered":"\n<p>Eine neue Saison f\u00fchlt sich immer wie ein frischer Start an. Mehr Licht, sanftere Farben und Lust darauf, deine Garderobe wieder mit dem in Einklang zu bringen, wer du jetzt bist. Bei IN THE MOOD glauben wir nicht an schnelle Trends, sondern an sch\u00f6ne St\u00fccke von <a href=\"https:\/\/www.inthemoodvenlo.nl\/de\/unsere-labels\/\">unseren Lieblingslabels<\/a>, die du jeden Tag mit Freude tr\u00e4gst. Dies sind unsere f\u00fcnf Favoriten f\u00fcr einen stilvollen Fr\u00fchling und Sommer 2026   <\/p>\n\n<p><strong>1. Kaschmir in sanften Fr\u00fchlingsfarben<\/strong><\/p>\n\n<p>Kaschmir ist ein absolutes <em>Staple<\/em> in unserer Kollektion. In dieser Saison lassen wir die dunklen Farben hinter uns und setzen auf helle, frische T\u00f6ne wie <em>Sand, Soft Pink, Powder Blue<\/em> und das immens beliebte <em>Butter Yellow<\/em>. Es ist der perfekte Luxus-Layer f\u00fcr wechselhafte Temperaturen. Style-Tipp: Trage deinen Kaschmir nonchalant zu einer Barrel Jeans oder wirf ihn locker \u00fcber deine Schultern zu einem Spitzentop f\u00fcr diesen m\u00fchelos <em>schicken<\/em> Look. <em>IN THE MOOD Tipp: Trage deinen Kaschmir l\u00e4ssig zu einer Barrel Jeans oder locker \u00fcber einem Spitzentop.<\/em>   <\/p>\n\n<p><\/p>\n\n<figure class=\"wp-block-image aligncenter size-large\"><img fetchpriority=\"high\" decoding=\"async\" width=\"819\" height=\"1024\" src=\"https:\/\/www.inthemoodvenlo.nl\/wp-content\/uploads\/2026\/01\/must-haves-lente-zomer-2026-5-819x1024.jpg\" alt=\"\" class=\"wp-image-3978\" srcset=\"https:\/\/www.inthemoodvenlo.nl\/wp-content\/uploads\/2026\/01\/must-haves-lente-zomer-2026-5-819x1024.jpg 819w, https:\/\/www.inthemoodvenlo.nl\/wp-content\/uploads\/2026\/01\/must-haves-lente-zomer-2026-5-240x300.jpg 240w, https:\/\/www.inthemoodvenlo.nl\/wp-content\/uploads\/2026\/01\/must-haves-lente-zomer-2026-5-768x960.jpg 768w, https:\/\/www.inthemoodvenlo.nl\/wp-content\/uploads\/2026\/01\/must-haves-lente-zomer-2026-5.jpg 1024w\" sizes=\"(max-width: 819px) 100vw, 819px\" \/><\/figure>\n\n<p><\/p>\n\n<p><strong>2. Loafer, in denen du leben kannst<\/strong><\/p>\n\n<p>Komfort und High-End-Fashion vereinen sich im Loafer. Dieser Schuh ist zeitlos, aber in dieser Saison alles andere als langweilig. Sie verleihen deinem Outfit sofort ein klassisches Upgrade, ohne steif zu wirken. Ob du einen Tag lang in der Stadt shoppen gehst oder ein ausgiebiges Mittagessen geplant hast; dies ist der Schuh, in dem du leben kannst.   <\/p>\n\n<p><\/p>\n\n<figure class=\"wp-block-image aligncenter size-large\"><img decoding=\"async\" width=\"819\" height=\"1024\" src=\"https:\/\/www.inthemoodvenlo.nl\/wp-content\/uploads\/2026\/01\/must-haves-lente-zomer-2026-819x1024.jpg\" alt=\"\" class=\"wp-image-3979\" srcset=\"https:\/\/www.inthemoodvenlo.nl\/wp-content\/uploads\/2026\/01\/must-haves-lente-zomer-2026-819x1024.jpg 819w, https:\/\/www.inthemoodvenlo.nl\/wp-content\/uploads\/2026\/01\/must-haves-lente-zomer-2026-240x300.jpg 240w, https:\/\/www.inthemoodvenlo.nl\/wp-content\/uploads\/2026\/01\/must-haves-lente-zomer-2026-768x960.jpg 768w, https:\/\/www.inthemoodvenlo.nl\/wp-content\/uploads\/2026\/01\/must-haves-lente-zomer-2026.jpg 1024w\" sizes=\"(max-width: 819px) 100vw, 819px\" \/><\/figure>\n\n<p><\/p>\n\n<p><strong>3. Die Barrel Jeans<\/strong><\/p>\n\n<p>Bist du auf der Suche nach Damenmode, die auff\u00e4llt? Lerne die <em>Barrel Jeans<\/em> kennen. Dieser Denim hat eine neue, gewagte Form: entspannt, feminin und \u00fcberraschend schmeichelhaft. Wir sind Fans, weil dieser Fit sich m\u00fchelos sowohl mit grobem Strick als auch mit feiner Seide kombinieren l\u00e4sst. Barrel Jeans + Kaschmir + Loafer = der sofortige IN THE MOOD Look.    <\/p>\n\n<p><\/p>\n\n<figure class=\"wp-block-image aligncenter size-large\"><img decoding=\"async\" width=\"819\" height=\"1024\" src=\"https:\/\/www.inthemoodvenlo.nl\/wp-content\/uploads\/2026\/01\/must-haves-lente-zomer-2026-3-819x1024.jpg\" alt=\"\" class=\"wp-image-3980\" srcset=\"https:\/\/www.inthemoodvenlo.nl\/wp-content\/uploads\/2026\/01\/must-haves-lente-zomer-2026-3-819x1024.jpg 819w, https:\/\/www.inthemoodvenlo.nl\/wp-content\/uploads\/2026\/01\/must-haves-lente-zomer-2026-3-240x300.jpg 240w, https:\/\/www.inthemoodvenlo.nl\/wp-content\/uploads\/2026\/01\/must-haves-lente-zomer-2026-3-768x960.jpg 768w, https:\/\/www.inthemoodvenlo.nl\/wp-content\/uploads\/2026\/01\/must-haves-lente-zomer-2026-3.jpg 1024w\" sizes=\"(max-width: 819px) 100vw, 819px\" \/><\/figure>\n\n<p><\/p>\n\n<p><strong>4. Lace &amp; Spitze (subtil und stilvoll)<\/strong><\/p>\n\n<p>Spitze ist zur\u00fcck, aber mit einem modernen Twist. Denk an eine raffinierte Bluse oder ein Top mit subtilen Details, die deinem Outfit genau das richtige Ma\u00df an Sanftheit verleihen. Wir kombinieren <em>Lace<\/em> am liebsten mit robusteren Materialien wie Denim oder Leder. So bleibt dein Outfit spannend und alles andere als bieder.   <\/p>\n\n<p><\/p>\n\n<figure class=\"wp-block-image aligncenter size-large\"><img loading=\"lazy\" decoding=\"async\" width=\"819\" height=\"1024\" src=\"https:\/\/www.inthemoodvenlo.nl\/wp-content\/uploads\/2026\/01\/must-haves-lente-zomer-2026-4-819x1024.jpg\" alt=\"\" class=\"wp-image-3981\" srcset=\"https:\/\/www.inthemoodvenlo.nl\/wp-content\/uploads\/2026\/01\/must-haves-lente-zomer-2026-4-819x1024.jpg 819w, https:\/\/www.inthemoodvenlo.nl\/wp-content\/uploads\/2026\/01\/must-haves-lente-zomer-2026-4-240x300.jpg 240w, https:\/\/www.inthemoodvenlo.nl\/wp-content\/uploads\/2026\/01\/must-haves-lente-zomer-2026-4-768x960.jpg 768w, https:\/\/www.inthemoodvenlo.nl\/wp-content\/uploads\/2026\/01\/must-haves-lente-zomer-2026-4.jpg 1024w\" sizes=\"(max-width: 819px) 100vw, 819px\" \/><\/figure>\n\n<p><\/p>\n\n<p><strong>5. Runde Accessoires &amp; Statement-Schmuck<\/strong><\/p>\n\n<p>Accessoires stehen und fallen mit deinem Look. In dieser Saison sehen wir viele weiche, runde Formen bei Taschen und G\u00fcrteln. Kombiniere dies mit <em>Statement<\/em>-Schmuck, der wirklich etwas aussagt. Kein Overload, sondern entscheide dich f\u00fcr ein kraftvolles Teil: eine grobe Gliederkette oder skulpturale Armb\u00e4nder. Unsere Stilregel?     <em>Let the jewelry do the talking.<\/em><\/p>\n\n<p><\/p>\n\n<figure class=\"wp-block-image aligncenter size-large\"><img loading=\"lazy\" decoding=\"async\" width=\"819\" height=\"1024\" src=\"https:\/\/www.inthemoodvenlo.nl\/wp-content\/uploads\/2026\/01\/must-haves-lente-zomer-2026-2-819x1024.jpg\" alt=\"\" class=\"wp-image-3982\" srcset=\"https:\/\/www.inthemoodvenlo.nl\/wp-content\/uploads\/2026\/01\/must-haves-lente-zomer-2026-2-819x1024.jpg 819w, https:\/\/www.inthemoodvenlo.nl\/wp-content\/uploads\/2026\/01\/must-haves-lente-zomer-2026-2-240x300.jpg 240w, https:\/\/www.inthemoodvenlo.nl\/wp-content\/uploads\/2026\/01\/must-haves-lente-zomer-2026-2-768x960.jpg 768w, https:\/\/www.inthemoodvenlo.nl\/wp-content\/uploads\/2026\/01\/must-haves-lente-zomer-2026-2.jpg 1024w\" sizes=\"(max-width: 819px) 100vw, 819px\" \/><\/figure>\n\n<p><\/p>\n\n<p>Diese f\u00fcnf Must-haves bilden zusammen die Basis f\u00fcr eine Garderobe, die stimmt: komfortabel, kraftvoll und feminin. Genau daf\u00fcr ist unsere Boutique in Venlo bekannt. Wir laden dich herzlich ein, die Stoffe selbst zu f\u00fchlen und die Passformen bei einer Tasse Kaffee oder einem Glas Wein zu erleben. <a href=\"https:\/\/www.inthemoodvenlo.nl\/de\/meet-the-team\/\">Unsere Stylistinnen<\/a> stehen bereit, um dir bei einem pers\u00f6nlichen Look zu helfen, der perfekt zu dir passt.  <\/p>\n\n<p><strong>Sehen wir uns bald bei IN THE MOOD?<\/strong><\/p>\n","protected":false},"excerpt":{"rendered":"<p>Eine neue Saison f\u00fchlt sich immer wie ein frischer Start an. Mehr Licht, sanftere Farben und Lust darauf, deine Garderobe wieder mit dem in Einklang zu bringen, wer du jetzt bist. Bei IN THE MOOD glauben wir nicht an schnelle Trends, sondern an sch\u00f6ne St\u00fccke von unseren Lieblingslabels, die du jeden Tag mit Freude tr\u00e4gst. [&hellip;]<\/p>\n","protected":false},"author":3,"featured_media":4766,"comment_status":"closed","ping_status":"closed","sticky":false,"template":"","format":"standard","meta":{"site-sidebar-layout":"default","site-content-layout":"","ast-site-content-layout":"default","site-content-style":"default","site-sidebar-style":"default","ast-global-header-display":"","ast-banner-title-visibility":"","ast-main-header-display":"","ast-hfb-above-header-display":"","ast-hfb-below-header-display":"","ast-hfb-mobile-header-display":"","site-post-title":"","ast-breadcrumbs-content":"","ast-featured-img":"","footer-sml-layout":"","ast-disable-related-posts":"","theme-transparent-header-meta":"","adv-header-id-meta":"","stick-header-meta":"","header-above-stick-meta":"","header-main-stick-meta":"","header-below-stick-meta":"","astra-migrate-meta-layouts":"default","ast-page-background-enabled":"default","ast-page-background-meta":{"desktop":{"background-color":"var(--ast-global-color-4)","background-image":"","background-repeat":"repeat","background-position":"center center","background-size":"auto","background-attachment":"scroll","background-type":"","background-media":"","overlay-type":"","overlay-color":"","overlay-opacity":"","overlay-gradient":""},"tablet":{"background-color":"","background-image":"","background-repeat":"repeat","background-position":"center center","background-size":"auto","background-attachment":"scroll","background-type":"","background-media":"","overlay-type":"","overlay-color":"","overlay-opacity":"","overlay-gradient":""},"mobile":{"background-color":"","background-image":"","background-repeat":"repeat","background-position":"center center","background-size":"auto","background-attachment":"scroll","background-type":"","background-media":"","overlay-type":"","overlay-color":"","overlay-opacity":"","overlay-gradient":""}},"ast-content-background-meta":{"desktop":{"background-color":"var(--ast-global-color-5)","background-image":"","background-repeat":"repeat","background-position":"center center","background-size":"auto","background-attachment":"scroll","background-type":"","background-media":"","overlay-type":"","overlay-color":"","overlay-opacity":"","overlay-gradient":""},"tablet":{"background-color":"var(--ast-global-color-5)","background-image":"","background-repeat":"repeat","background-position":"center center","background-size":"auto","background-attachment":"scroll","background-type":"","background-media":"","overlay-type":"","overlay-color":"","overlay-opacity":"","overlay-gradient":""},"mobile":{"background-color":"var(--ast-global-color-5)","background-image":"","background-repeat":"repeat","background-position":"center center","background-size":"auto","background-attachment":"scroll","background-type":"","background-media":"","overlay-type":"","overlay-color":"","overlay-opacity":"","overlay-gradient":""}},"footnotes":""},"categories":[70],"tags":[87,77,86],"class_list":["post-4765","post","type-post","status-publish","format-standard","has-post-thumbnail","hentry","category-unkategorisiert","tag-fruhling-2026-2","tag-fruhling-2026","tag-must-haves"],"yoast_head":"<!-- This site is optimized with the Yoast SEO plugin v27.5 - https:\/\/yoast.com\/product\/yoast-seo-wordpress\/ -->\n<title>Unsere Top 5 Must-haves f\u00fcr einen stilvollen Saisonstart!<\/title>\n<meta name=\"description\" content=\"Diese Must-haves f\u00fcr Fr\u00fchjahr und Sommer 2026 darfst du nicht verpassen \u2713 IN THE MOOD ist dein Gesch\u00e4ft f\u00fcr Damenmode in Venlo\" \/>\n<meta name=\"robots\" content=\"index, follow, max-snippet:-1, max-image-preview:large, max-video-preview:-1\" \/>\n<link rel=\"canonical\" href=\"https:\/\/www.inthemoodvenlo.nl\/de\/unsere-top-5-must-haves-fuer-einen-stilvollen-saisonstart\/\" \/>\n<meta property=\"og:locale\" content=\"de_DE\" \/>\n<meta property=\"og:type\" content=\"article\" \/>\n<meta property=\"og:title\" content=\"Unsere Top 5 Must-haves f\u00fcr einen stilvollen Saisonstart!\" \/>\n<meta property=\"og:description\" content=\"Diese Must-haves f\u00fcr Fr\u00fchjahr und Sommer 2026 darfst du nicht verpassen \u2713 IN THE MOOD ist dein Gesch\u00e4ft f\u00fcr Damenmode in Venlo\" \/>\n<meta property=\"og:url\" content=\"https:\/\/www.inthemoodvenlo.nl\/de\/unsere-top-5-must-haves-fuer-einen-stilvollen-saisonstart\/\" \/>\n<meta property=\"og:site_name\" content=\"in the MOOD\" \/>\n<meta property=\"article:published_time\" content=\"2026-01-28T16:39:37+00:00\" \/>\n<meta property=\"article:modified_time\" content=\"2026-04-29T08:09:29+00:00\" \/>\n<meta property=\"og:image\" content=\"https:\/\/www.inthemoodvenlo.nl\/wp-content\/uploads\/2026\/01\/must-haves-lente-zomer-van-2026.jpg\" \/>\n\t<meta property=\"og:image:width\" content=\"960\" \/>\n\t<meta property=\"og:image:height\" content=\"960\" \/>\n\t<meta property=\"og:image:type\" content=\"image\/jpeg\" \/>\n<meta name=\"author\" content=\"InTheMOOD\" \/>\n<meta name=\"twitter:card\" content=\"summary_large_image\" \/>\n<meta name=\"twitter:label1\" content=\"Verfasst von\" \/>\n\t<meta name=\"twitter:data1\" content=\"InTheMOOD\" \/>\n\t<meta name=\"twitter:label2\" content=\"Gesch\u00e4tzte Lesezeit\" \/>\n\t<meta name=\"twitter:data2\" content=\"2\u00a0Minuten\" \/>\n<script type=\"application\/ld+json\" class=\"yoast-schema-graph\">{\"@context\":\"https:\\\/\\\/schema.org\",\"@graph\":[{\"@type\":\"Article\",\"@id\":\"https:\\\/\\\/www.inthemoodvenlo.nl\\\/de\\\/unsere-top-5-must-haves-fuer-einen-stilvollen-saisonstart\\\/#article\",\"isPartOf\":{\"@id\":\"https:\\\/\\\/www.inthemoodvenlo.nl\\\/de\\\/unsere-top-5-must-haves-fuer-einen-stilvollen-saisonstart\\\/\"},\"author\":{\"name\":\"InTheMOOD\",\"@id\":\"https:\\\/\\\/www.inthemoodvenlo.nl\\\/de\\\/#\\\/schema\\\/person\\\/c226c9f0cf2f09963d6dc935237c6ce5\"},\"headline\":\"Unsere Top 5 Must-haves f\u00fcr einen stilvollen Saisonstart!\",\"datePublished\":\"2026-01-28T16:39:37+00:00\",\"dateModified\":\"2026-04-29T08:09:29+00:00\",\"mainEntityOfPage\":{\"@id\":\"https:\\\/\\\/www.inthemoodvenlo.nl\\\/de\\\/unsere-top-5-must-haves-fuer-einen-stilvollen-saisonstart\\\/\"},\"wordCount\":492,\"image\":{\"@id\":\"https:\\\/\\\/www.inthemoodvenlo.nl\\\/de\\\/unsere-top-5-must-haves-fuer-einen-stilvollen-saisonstart\\\/#primaryimage\"},\"thumbnailUrl\":\"https:\\\/\\\/www.inthemoodvenlo.nl\\\/wp-content\\\/uploads\\\/2026\\\/01\\\/must-haves-lente-zomer-van-2026.jpg\",\"keywords\":[\"Fr\u00fchling 2026\",\"Fr\u00fchling 2026\",\"Must-haves\"],\"articleSection\":[\"Unkategorisiert\"],\"inLanguage\":\"de\"},{\"@type\":\"WebPage\",\"@id\":\"https:\\\/\\\/www.inthemoodvenlo.nl\\\/de\\\/unsere-top-5-must-haves-fuer-einen-stilvollen-saisonstart\\\/\",\"url\":\"https:\\\/\\\/www.inthemoodvenlo.nl\\\/de\\\/unsere-top-5-must-haves-fuer-einen-stilvollen-saisonstart\\\/\",\"name\":\"Unsere Top 5 Must-haves f\u00fcr einen stilvollen Saisonstart!\",\"isPartOf\":{\"@id\":\"https:\\\/\\\/www.inthemoodvenlo.nl\\\/de\\\/#website\"},\"primaryImageOfPage\":{\"@id\":\"https:\\\/\\\/www.inthemoodvenlo.nl\\\/de\\\/unsere-top-5-must-haves-fuer-einen-stilvollen-saisonstart\\\/#primaryimage\"},\"image\":{\"@id\":\"https:\\\/\\\/www.inthemoodvenlo.nl\\\/de\\\/unsere-top-5-must-haves-fuer-einen-stilvollen-saisonstart\\\/#primaryimage\"},\"thumbnailUrl\":\"https:\\\/\\\/www.inthemoodvenlo.nl\\\/wp-content\\\/uploads\\\/2026\\\/01\\\/must-haves-lente-zomer-van-2026.jpg\",\"datePublished\":\"2026-01-28T16:39:37+00:00\",\"dateModified\":\"2026-04-29T08:09:29+00:00\",\"author\":{\"@id\":\"https:\\\/\\\/www.inthemoodvenlo.nl\\\/de\\\/#\\\/schema\\\/person\\\/c226c9f0cf2f09963d6dc935237c6ce5\"},\"description\":\"Diese Must-haves f\u00fcr Fr\u00fchjahr und Sommer 2026 darfst du nicht verpassen \u2713 IN THE MOOD ist dein Gesch\u00e4ft f\u00fcr Damenmode in Venlo\",\"breadcrumb\":{\"@id\":\"https:\\\/\\\/www.inthemoodvenlo.nl\\\/de\\\/unsere-top-5-must-haves-fuer-einen-stilvollen-saisonstart\\\/#breadcrumb\"},\"inLanguage\":\"de\",\"potentialAction\":[{\"@type\":\"ReadAction\",\"target\":[\"https:\\\/\\\/www.inthemoodvenlo.nl\\\/de\\\/unsere-top-5-must-haves-fuer-einen-stilvollen-saisonstart\\\/\"]}]},{\"@type\":\"ImageObject\",\"inLanguage\":\"de\",\"@id\":\"https:\\\/\\\/www.inthemoodvenlo.nl\\\/de\\\/unsere-top-5-must-haves-fuer-einen-stilvollen-saisonstart\\\/#primaryimage\",\"url\":\"https:\\\/\\\/www.inthemoodvenlo.nl\\\/wp-content\\\/uploads\\\/2026\\\/01\\\/must-haves-lente-zomer-van-2026.jpg\",\"contentUrl\":\"https:\\\/\\\/www.inthemoodvenlo.nl\\\/wp-content\\\/uploads\\\/2026\\\/01\\\/must-haves-lente-zomer-van-2026.jpg\",\"width\":960,\"height\":960,\"caption\":\"Must-haves Fr\u00fchjahr Sommer 2026\"},{\"@type\":\"BreadcrumbList\",\"@id\":\"https:\\\/\\\/www.inthemoodvenlo.nl\\\/de\\\/unsere-top-5-must-haves-fuer-einen-stilvollen-saisonstart\\\/#breadcrumb\",\"itemListElement\":[{\"@type\":\"ListItem\",\"position\":1,\"name\":\"Startseite\",\"item\":\"https:\\\/\\\/www.inthemoodvenlo.nl\\\/de\\\/home\\\/\"},{\"@type\":\"ListItem\",\"position\":2,\"name\":\"Unsere Top 5 Must-haves f\u00fcr einen stilvollen Saisonstart!\"}]},{\"@type\":\"WebSite\",\"@id\":\"https:\\\/\\\/www.inthemoodvenlo.nl\\\/de\\\/#website\",\"url\":\"https:\\\/\\\/www.inthemoodvenlo.nl\\\/de\\\/\",\"name\":\"in the MOOD\",\"description\":\"Lifestyle Boutique\",\"potentialAction\":[{\"@type\":\"SearchAction\",\"target\":{\"@type\":\"EntryPoint\",\"urlTemplate\":\"https:\\\/\\\/www.inthemoodvenlo.nl\\\/de\\\/?s={search_term_string}\"},\"query-input\":{\"@type\":\"PropertyValueSpecification\",\"valueRequired\":true,\"valueName\":\"search_term_string\"}}],\"inLanguage\":\"de\"},{\"@type\":\"Person\",\"@id\":\"https:\\\/\\\/www.inthemoodvenlo.nl\\\/de\\\/#\\\/schema\\\/person\\\/c226c9f0cf2f09963d6dc935237c6ce5\",\"name\":\"InTheMOOD\",\"url\":\"https:\\\/\\\/www.inthemoodvenlo.nl\\\/de\\\/author\\\/inthemood\\\/\"}]}<\/script>\n<!-- \/ Yoast SEO plugin. -->","yoast_head_json":{"title":"Unsere Top 5 Must-haves f\u00fcr einen stilvollen Saisonstart!","description":"Diese Must-haves f\u00fcr Fr\u00fchjahr und Sommer 2026 darfst du nicht verpassen \u2713 IN THE MOOD ist dein Gesch\u00e4ft f\u00fcr Damenmode in Venlo","robots":{"index":"index","follow":"follow","max-snippet":"max-snippet:-1","max-image-preview":"max-image-preview:large","max-video-preview":"max-video-preview:-1"},"canonical":"https:\/\/www.inthemoodvenlo.nl\/de\/unsere-top-5-must-haves-fuer-einen-stilvollen-saisonstart\/","og_locale":"de_DE","og_type":"article","og_title":"Unsere Top 5 Must-haves f\u00fcr einen stilvollen Saisonstart!","og_description":"Diese Must-haves f\u00fcr Fr\u00fchjahr und Sommer 2026 darfst du nicht verpassen \u2713 IN THE MOOD ist dein Gesch\u00e4ft f\u00fcr Damenmode in Venlo","og_url":"https:\/\/www.inthemoodvenlo.nl\/de\/unsere-top-5-must-haves-fuer-einen-stilvollen-saisonstart\/","og_site_name":"in the MOOD","article_published_time":"2026-01-28T16:39:37+00:00","article_modified_time":"2026-04-29T08:09:29+00:00","og_image":[{"width":960,"height":960,"url":"https:\/\/www.inthemoodvenlo.nl\/wp-content\/uploads\/2026\/01\/must-haves-lente-zomer-van-2026.jpg","type":"image\/jpeg"}],"author":"InTheMOOD","twitter_card":"summary_large_image","twitter_misc":{"Verfasst von":"InTheMOOD","Gesch\u00e4tzte Lesezeit":"2\u00a0Minuten"},"schema":{"@context":"https:\/\/schema.org","@graph":[{"@type":"Article","@id":"https:\/\/www.inthemoodvenlo.nl\/de\/unsere-top-5-must-haves-fuer-einen-stilvollen-saisonstart\/#article","isPartOf":{"@id":"https:\/\/www.inthemoodvenlo.nl\/de\/unsere-top-5-must-haves-fuer-einen-stilvollen-saisonstart\/"},"author":{"name":"InTheMOOD","@id":"https:\/\/www.inthemoodvenlo.nl\/de\/#\/schema\/person\/c226c9f0cf2f09963d6dc935237c6ce5"},"headline":"Unsere Top 5 Must-haves f\u00fcr einen stilvollen Saisonstart!","datePublished":"2026-01-28T16:39:37+00:00","dateModified":"2026-04-29T08:09:29+00:00","mainEntityOfPage":{"@id":"https:\/\/www.inthemoodvenlo.nl\/de\/unsere-top-5-must-haves-fuer-einen-stilvollen-saisonstart\/"},"wordCount":492,"image":{"@id":"https:\/\/www.inthemoodvenlo.nl\/de\/unsere-top-5-must-haves-fuer-einen-stilvollen-saisonstart\/#primaryimage"},"thumbnailUrl":"https:\/\/www.inthemoodvenlo.nl\/wp-content\/uploads\/2026\/01\/must-haves-lente-zomer-van-2026.jpg","keywords":["Fr\u00fchling 2026","Fr\u00fchling 2026","Must-haves"],"articleSection":["Unkategorisiert"],"inLanguage":"de"},{"@type":"WebPage","@id":"https:\/\/www.inthemoodvenlo.nl\/de\/unsere-top-5-must-haves-fuer-einen-stilvollen-saisonstart\/","url":"https:\/\/www.inthemoodvenlo.nl\/de\/unsere-top-5-must-haves-fuer-einen-stilvollen-saisonstart\/","name":"Unsere Top 5 Must-haves f\u00fcr einen stilvollen Saisonstart!","isPartOf":{"@id":"https:\/\/www.inthemoodvenlo.nl\/de\/#website"},"primaryImageOfPage":{"@id":"https:\/\/www.inthemoodvenlo.nl\/de\/unsere-top-5-must-haves-fuer-einen-stilvollen-saisonstart\/#primaryimage"},"image":{"@id":"https:\/\/www.inthemoodvenlo.nl\/de\/unsere-top-5-must-haves-fuer-einen-stilvollen-saisonstart\/#primaryimage"},"thumbnailUrl":"https:\/\/www.inthemoodvenlo.nl\/wp-content\/uploads\/2026\/01\/must-haves-lente-zomer-van-2026.jpg","datePublished":"2026-01-28T16:39:37+00:00","dateModified":"2026-04-29T08:09:29+00:00","author":{"@id":"https:\/\/www.inthemoodvenlo.nl\/de\/#\/schema\/person\/c226c9f0cf2f09963d6dc935237c6ce5"},"description":"Diese Must-haves f\u00fcr Fr\u00fchjahr und Sommer 2026 darfst du nicht verpassen \u2713 IN THE MOOD ist dein Gesch\u00e4ft f\u00fcr Damenmode in Venlo","breadcrumb":{"@id":"https:\/\/www.inthemoodvenlo.nl\/de\/unsere-top-5-must-haves-fuer-einen-stilvollen-saisonstart\/#breadcrumb"},"inLanguage":"de","potentialAction":[{"@type":"ReadAction","target":["https:\/\/www.inthemoodvenlo.nl\/de\/unsere-top-5-must-haves-fuer-einen-stilvollen-saisonstart\/"]}]},{"@type":"ImageObject","inLanguage":"de","@id":"https:\/\/www.inthemoodvenlo.nl\/de\/unsere-top-5-must-haves-fuer-einen-stilvollen-saisonstart\/#primaryimage","url":"https:\/\/www.inthemoodvenlo.nl\/wp-content\/uploads\/2026\/01\/must-haves-lente-zomer-van-2026.jpg","contentUrl":"https:\/\/www.inthemoodvenlo.nl\/wp-content\/uploads\/2026\/01\/must-haves-lente-zomer-van-2026.jpg","width":960,"height":960,"caption":"Must-haves Fr\u00fchjahr Sommer 2026"},{"@type":"BreadcrumbList","@id":"https:\/\/www.inthemoodvenlo.nl\/de\/unsere-top-5-must-haves-fuer-einen-stilvollen-saisonstart\/#breadcrumb","itemListElement":[{"@type":"ListItem","position":1,"name":"Startseite","item":"https:\/\/www.inthemoodvenlo.nl\/de\/home\/"},{"@type":"ListItem","position":2,"name":"Unsere Top 5 Must-haves f\u00fcr einen stilvollen Saisonstart!"}]},{"@type":"WebSite","@id":"https:\/\/www.inthemoodvenlo.nl\/de\/#website","url":"https:\/\/www.inthemoodvenlo.nl\/de\/","name":"in the MOOD","description":"Lifestyle Boutique","potentialAction":[{"@type":"SearchAction","target":{"@type":"EntryPoint","urlTemplate":"https:\/\/www.inthemoodvenlo.nl\/de\/?s={search_term_string}"},"query-input":{"@type":"PropertyValueSpecification","valueRequired":true,"valueName":"search_term_string"}}],"inLanguage":"de"},{"@type":"Person","@id":"https:\/\/www.inthemoodvenlo.nl\/de\/#\/schema\/person\/c226c9f0cf2f09963d6dc935237c6ce5","name":"InTheMOOD","url":"https:\/\/www.inthemoodvenlo.nl\/de\/author\/inthemood\/"}]}},"_links":{"self":[{"href":"https:\/\/www.inthemoodvenlo.nl\/de\/wp-json\/wp\/v2\/posts\/4765","targetHints":{"allow":["GET"]}}],"collection":[{"href":"https:\/\/www.inthemoodvenlo.nl\/de\/wp-json\/wp\/v2\/posts"}],"about":[{"href":"https:\/\/www.inthemoodvenlo.nl\/de\/wp-json\/wp\/v2\/types\/post"}],"author":[{"embeddable":true,"href":"https:\/\/www.inthemoodvenlo.nl\/de\/wp-json\/wp\/v2\/users\/3"}],"replies":[{"embeddable":true,"href":"https:\/\/www.inthemoodvenlo.nl\/de\/wp-json\/wp\/v2\/comments?post=4765"}],"version-history":[{"count":1,"href":"https:\/\/www.inthemoodvenlo.nl\/de\/wp-json\/wp\/v2\/posts\/4765\/revisions"}],"predecessor-version":[{"id":4767,"href":"https:\/\/www.inthemoodvenlo.nl\/de\/wp-json\/wp\/v2\/posts\/4765\/revisions\/4767"}],"wp:featuredmedia":[{"embeddable":true,"href":"https:\/\/www.inthemoodvenlo.nl\/de\/wp-json\/wp\/v2\/media\/4766"}],"wp:attachment":[{"href":"https:\/\/www.inthemoodvenlo.nl\/de\/wp-json\/wp\/v2\/media?parent=4765"}],"wp:term":[{"taxonomy":"category","embeddable":true,"href":"https:\/\/www.inthemoodvenlo.nl\/de\/wp-json\/wp\/v2\/categories?post=4765"},{"taxonomy":"post_tag","embeddable":true,"href":"https:\/\/www.inthemoodvenlo.nl\/de\/wp-json\/wp\/v2\/tags?post=4765"}],"curies":[{"name":"wp","href":"https:\/\/api.w.org\/{rel}","templated":true}]}}