{"id":4960,"date":"2025-12-13T14:05:19","date_gmt":"2025-12-13T12:05:19","guid":{"rendered":"https:\/\/www.inthemoodvenlo.nl\/modetrends-2026-das-sind-die-must-haves-in-diesem-jahr\/"},"modified":"2026-04-29T10:10:28","modified_gmt":"2026-04-29T08:10:28","slug":"modetrends-2026-das-sind-die-must-haves-in-diesem-jahr","status":"publish","type":"post","link":"https:\/\/www.inthemoodvenlo.nl\/de\/modetrends-2026-das-sind-die-must-haves-in-diesem-jahr\/","title":{"rendered":"Modetrends 2026: Das sind die Must-haves in diesem Jahr"},"content":{"rendered":"\n<p>Die Modetrends von 2026 stellt IN THE MOOD wie immer f\u00fcr dich zusammen. Mode-Insider, Designer und Trendwatcher sind sich einig: 2026 wird ein Jahr voller Farbe, Textur und bewusstem Luxus. Sieh diesen Blog als deinen Ausblick in die Zukunft. Welche Farben werden den Ton angeben? Welche Materialien werden dominieren? Wie kannst du diese Modetrends f\u00fcr 2026 in deine Garderobe \u00fcbersetzen? IN THE MOOD hilft dir dabei. In unserer Boutique im Herzen von Venlo findest du schon jetzt die ersten Artikel, die perfekt zu den Modetrends von 2026 passen.       <\/p>\n\n<p><strong>Farben gem\u00e4\u00df den Modetrends 2026<\/strong><\/p>\n\n<p>Einer der auff\u00e4lligsten Modetrends f\u00fcr 2026 ist die R\u00fcckkehr der Farbe. Nicht ein einzelner dominanter Ton, sondern eine reiche Palette, in der Ausdruck und Sanftheit zusammenkommen. Nach Saisons des Minimalismus ist wieder Platz f\u00fcr Gef\u00fchl, Energie und Pers\u00f6nlichkeit. Vier Farbfamilien spielen eine Hauptrolle innerhalb der Modetrends 2026: Blau, Gr\u00fcn, Rot und Rosa, jeweils in mehreren Nuancen, von subtil bis kraftvoll.    <\/p>\n\n<p><\/p>\n\n<figure class=\"wp-block-image size-full\"><img fetchpriority=\"high\" decoding=\"async\" width=\"1080\" height=\"1920\" src=\"https:\/\/www.inthemoodvenlo.nl\/wp-content\/uploads\/2025\/12\/modetrends-2026-kleuren.jpg\" alt=\"\" class=\"wp-image-3963\" srcset=\"https:\/\/www.inthemoodvenlo.nl\/wp-content\/uploads\/2025\/12\/modetrends-2026-kleuren.jpg 1080w, https:\/\/www.inthemoodvenlo.nl\/wp-content\/uploads\/2025\/12\/modetrends-2026-kleuren-169x300.jpg 169w, https:\/\/www.inthemoodvenlo.nl\/wp-content\/uploads\/2025\/12\/modetrends-2026-kleuren-576x1024.jpg 576w, https:\/\/www.inthemoodvenlo.nl\/wp-content\/uploads\/2025\/12\/modetrends-2026-kleuren-768x1365.jpg 768w, https:\/\/www.inthemoodvenlo.nl\/wp-content\/uploads\/2025\/12\/modetrends-2026-kleuren-864x1536.jpg 864w\" sizes=\"(max-width: 1080px) 100vw, 1080px\" \/><\/figure>\n\n<p><\/p>\n\n<p><strong>Something Blue: die Trendfarbe von 2026<\/strong><\/p>\n\n<p>Blau wird ein Schl\u00fcsselspieler innerhalb der Modetrends von 2026. Diese Farbe steht symbolisch f\u00fcr Ruhe, Vertrauen und Kraft. Von hellem Sky Blue bis hin zu Puderblau. Von tiefem Navy bis hin zu Royal Blue. Blau ist vielseitig, zeitlos und \u00fcberraschend modern. Perfekt sowohl f\u00fcr Statement-Looks als auch f\u00fcr elegante <em>Everyday<\/em>-Outfits.     <\/p>\n\n<p><strong>Gr\u00fcn in allen Formen: nachhaltig &amp; raffiniert<\/strong><\/p>\n\n<p>Gr\u00fcn spiegelt eine wichtige Unterstr\u00f6mung in den Modetrends von 2026 wider. Die Farbe steht f\u00fcr die Sehnsucht nach Ruhe, Verbindung und Natur. Nicht nur ein Farbton, sondern eine komplette Familie erobert das Modebild. Denk an Mint und Pistazie, Oliv und Moosgr\u00fcn oder Smaragd und Grasgr\u00fcn. Gr\u00fcn wirkt frisch, luxuri\u00f6s und zeitgem\u00e4\u00df. Damit ist es die ideale Farbe f\u00fcr Frauen, die sich bewusst erneuern wollen, ohne trendabh\u00e4ngig zu wirken.     <\/p>\n\n<p><strong>Rot als Powerfarbe<\/strong><\/p>\n\n<p>Rot wird der Eyecatcher von 2026. Diese Farbe vereint Energie, Weiblichkeit und Selbstvertrauen. Rot ist damit bei den Modetrends f\u00fcr 2026 nicht wegzudenken. Ob du dich f\u00fcr ein rotes Top, ein Statement-Accessoire oder ein elegantes Kleid entscheidest: Rot verleiht jedem Outfit Charakter und Mut, ohne seine Klasse zu verlieren.    <\/p>\n\n<p><strong>Rosa: romantisch, verspielt und modern<\/strong><\/p>\n\n<p>Auch Rosa ist innerhalb der Modetrends f\u00fcr 2026 prominent vertreten. Sanfte Pastellt\u00f6ne bleiben beliebt, vor allem bei Tops, Kleidern und Layered-Looks. Dar\u00fcber hinaus sehen wir bei IN THE MOOD auch intensivere T\u00f6ne wie Fuchsia, Sorbet und Blush. Rosa steht f\u00fcr Optimismus, Verspieltheit und weiblichen Ausdruck. Damit ist die Farbe perfekt f\u00fcr alle Damen, die auf subtile Weise auffallen m\u00f6chten.    <\/p>\n\n<p><\/p>\n\n<figure class=\"wp-block-image size-full\"><img decoding=\"async\" width=\"1000\" height=\"1000\" src=\"https:\/\/www.inthemoodvenlo.nl\/wp-content\/uploads\/2025\/12\/modetrends-2026-roze.jpg\" alt=\"\" class=\"wp-image-3961\" srcset=\"https:\/\/www.inthemoodvenlo.nl\/wp-content\/uploads\/2025\/12\/modetrends-2026-roze.jpg 1000w, https:\/\/www.inthemoodvenlo.nl\/wp-content\/uploads\/2025\/12\/modetrends-2026-roze-300x300.jpg 300w, https:\/\/www.inthemoodvenlo.nl\/wp-content\/uploads\/2025\/12\/modetrends-2026-roze-150x150.jpg 150w, https:\/\/www.inthemoodvenlo.nl\/wp-content\/uploads\/2025\/12\/modetrends-2026-roze-768x768.jpg 768w, https:\/\/www.inthemoodvenlo.nl\/wp-content\/uploads\/2025\/12\/modetrends-2026-roze-700x700.jpg 700w\" sizes=\"(max-width: 1000px) 100vw, 1000px\" \/><\/figure>\n\n<p><\/p>\n\n<p><strong>Materialien &amp; Einfl\u00fcsse: bewusster Luxus in 2026<\/strong><\/p>\n\n<p>Was die Materialien betrifft, dreht sich bei den Modetrends f\u00fcr 2026 alles um bewussten Luxus. Stoffe sind nachhaltig, f\u00fchlen sich aber absolut hochwertig an und sehen auch so aus. Kennzeichnend f\u00fcr 2026 sind handwerkliche Verarbeitungen, Stickereien und Fransen, Crochet- und Handarbeitsdetails sowie transparente, luftige Stoffe. Alles darf sich ein bisschen handgemacht anf\u00fchlen. Luxus liegt im Detail, in der Textur und im Handwerk.     <\/p>\n\n<p><\/p>\n\n<figure class=\"wp-block-image aligncenter size-full\"><img decoding=\"async\" width=\"1000\" height=\"1000\" src=\"https:\/\/www.inthemoodvenlo.nl\/wp-content\/uploads\/2025\/12\/modetrends-2026-stoffen.jpg\" alt=\"\" class=\"wp-image-3960\" srcset=\"https:\/\/www.inthemoodvenlo.nl\/wp-content\/uploads\/2025\/12\/modetrends-2026-stoffen.jpg 1000w, https:\/\/www.inthemoodvenlo.nl\/wp-content\/uploads\/2025\/12\/modetrends-2026-stoffen-300x300.jpg 300w, https:\/\/www.inthemoodvenlo.nl\/wp-content\/uploads\/2025\/12\/modetrends-2026-stoffen-150x150.jpg 150w, https:\/\/www.inthemoodvenlo.nl\/wp-content\/uploads\/2025\/12\/modetrends-2026-stoffen-768x768.jpg 768w, https:\/\/www.inthemoodvenlo.nl\/wp-content\/uploads\/2025\/12\/modetrends-2026-stoffen-700x700.jpg 700w\" sizes=\"(max-width: 1000px) 100vw, 1000px\" \/><\/figure>\n\n<p><\/p>\n\n<p><strong>Weltoffene Einfl\u00fcsse &amp; Kontraste<\/strong><\/p>\n\n<p>Die wichtigsten Modetrends von 2026 lassen sich von der ganzen Welt inspirieren. Weltoffene Prints, handwerkliche Techniken und kulturelle Details sorgen f\u00fcr Kollektionen mit einer Geschichte. Das Spannungsfeld zwischen Kraft und Sanftheit, Struktur und Bewegung steht im Mittelpunkt. Edgy, aber elegant, ausdrucksstark, aber tragbar.   <\/p>\n\n<p><strong>Modetrends 2026 bei IN THE MOOD Venlo<\/strong><\/p>\n\n<p>Kurzum: Die Modetrends f\u00fcr 2026 lassen sich als luxuri\u00f6s, detailreich und mit viel Pers\u00f6nlichkeit zusammenfassen. Farbe, Textur und Handwerk vereinen sich in einem Stil, der feminin, kraftvoll und zeitlos ist. Bei IN THE MOOD Venlo findest du schon jetzt die ersten Lieferungen f\u00fcr 2026. Alle Artikel sind wie immer sorgf\u00e4ltig ausgew\u00e4hlt, um deine Garderobe zukunftssicher zu machen. Komm in unserer Boutique vorbei und entdecke die Modetrends f\u00fcr 2026 als eine der Ersten.    <\/p>\n","protected":false},"excerpt":{"rendered":"<p>Die Modetrends von 2026 stellt IN THE MOOD wie immer f\u00fcr dich zusammen. Mode-Insider, Designer und Trendwatcher sind sich einig: 2026 wird ein Jahr voller Farbe, Textur und bewusstem Luxus. Sieh diesen Blog als deinen Ausblick in die Zukunft. Welche Farben werden den Ton angeben? Welche Materialien werden dominieren? Wie kannst du diese Modetrends f\u00fcr [&hellip;]<\/p>\n","protected":false},"author":3,"featured_media":4961,"comment_status":"closed","ping_status":"closed","sticky":false,"template":"","format":"standard","meta":{"site-sidebar-layout":"default","site-content-layout":"","ast-site-content-layout":"default","site-content-style":"default","site-sidebar-style":"default","ast-global-header-display":"","ast-banner-title-visibility":"","ast-main-header-display":"","ast-hfb-above-header-display":"","ast-hfb-below-header-display":"","ast-hfb-mobile-header-display":"","site-post-title":"","ast-breadcrumbs-content":"","ast-featured-img":"","footer-sml-layout":"","ast-disable-related-posts":"","theme-transparent-header-meta":"","adv-header-id-meta":"","stick-header-meta":"","header-above-stick-meta":"","header-main-stick-meta":"","header-below-stick-meta":"","astra-migrate-meta-layouts":"default","ast-page-background-enabled":"default","ast-page-background-meta":{"desktop":{"background-color":"var(--ast-global-color-4)","background-image":"","background-repeat":"repeat","background-position":"center center","background-size":"auto","background-attachment":"scroll","background-type":"","background-media":"","overlay-type":"","overlay-color":"","overlay-opacity":"","overlay-gradient":""},"tablet":{"background-color":"","background-image":"","background-repeat":"repeat","background-position":"center center","background-size":"auto","background-attachment":"scroll","background-type":"","background-media":"","overlay-type":"","overlay-color":"","overlay-opacity":"","overlay-gradient":""},"mobile":{"background-color":"","background-image":"","background-repeat":"repeat","background-position":"center center","background-size":"auto","background-attachment":"scroll","background-type":"","background-media":"","overlay-type":"","overlay-color":"","overlay-opacity":"","overlay-gradient":""}},"ast-content-background-meta":{"desktop":{"background-color":"var(--ast-global-color-5)","background-image":"","background-repeat":"repeat","background-position":"center center","background-size":"auto","background-attachment":"scroll","background-type":"","background-media":"","overlay-type":"","overlay-color":"","overlay-opacity":"","overlay-gradient":""},"tablet":{"background-color":"var(--ast-global-color-5)","background-image":"","background-repeat":"repeat","background-position":"center center","background-size":"auto","background-attachment":"scroll","background-type":"","background-media":"","overlay-type":"","overlay-color":"","overlay-opacity":"","overlay-gradient":""},"mobile":{"background-color":"var(--ast-global-color-5)","background-image":"","background-repeat":"repeat","background-position":"center center","background-size":"auto","background-attachment":"scroll","background-type":"","background-media":"","overlay-type":"","overlay-color":"","overlay-opacity":"","overlay-gradient":""}},"footnotes":""},"categories":[70],"tags":[77,88,78],"class_list":["post-4960","post","type-post","status-publish","format-standard","has-post-thumbnail","hentry","category-unkategorisiert","tag-fruhling-2026","tag-modetrends","tag-sommer-2026"],"yoast_head":"<!-- This site is optimized with the Yoast SEO plugin v27.5 - https:\/\/yoast.com\/product\/yoast-seo-wordpress\/ -->\n<title>Modetrends 2026 | Entdecke sie bei IN THE MOOD<\/title>\n<meta name=\"description\" content=\"Lies alles \u00fcber die Modetrends f\u00fcr 2026 und lass dich inspirieren \u2713 IN THE MOOD ist dein Damenmodegesch\u00e4ft im Herzen von Venlo\" \/>\n<meta name=\"robots\" content=\"index, follow, max-snippet:-1, max-image-preview:large, max-video-preview:-1\" \/>\n<link rel=\"canonical\" href=\"https:\/\/www.inthemoodvenlo.nl\/de\/modetrends-2026-das-sind-die-must-haves-in-diesem-jahr\/\" \/>\n<meta property=\"og:locale\" content=\"de_DE\" \/>\n<meta property=\"og:type\" content=\"article\" \/>\n<meta property=\"og:title\" content=\"Modetrends 2026 | Entdecke sie bei IN THE MOOD\" \/>\n<meta property=\"og:description\" content=\"Lies alles \u00fcber die Modetrends f\u00fcr 2026 und lass dich inspirieren \u2713 IN THE MOOD ist dein Damenmodegesch\u00e4ft im Herzen von Venlo\" \/>\n<meta property=\"og:url\" content=\"https:\/\/www.inthemoodvenlo.nl\/de\/modetrends-2026-das-sind-die-must-haves-in-diesem-jahr\/\" \/>\n<meta property=\"og:site_name\" content=\"in the MOOD\" \/>\n<meta property=\"article:published_time\" content=\"2025-12-13T12:05:19+00:00\" \/>\n<meta property=\"article:modified_time\" content=\"2026-04-29T08:10:28+00:00\" \/>\n<meta property=\"og:image\" content=\"https:\/\/www.inthemoodvenlo.nl\/wp-content\/uploads\/2025\/12\/modetrends-2026.jpg\" \/>\n\t<meta property=\"og:image:width\" content=\"1000\" \/>\n\t<meta property=\"og:image:height\" content=\"1000\" \/>\n\t<meta property=\"og:image:type\" content=\"image\/jpeg\" \/>\n<meta name=\"author\" content=\"InTheMOOD\" \/>\n<meta name=\"twitter:card\" content=\"summary_large_image\" \/>\n<meta name=\"twitter:label1\" content=\"Verfasst von\" \/>\n\t<meta name=\"twitter:data1\" content=\"InTheMOOD\" \/>\n\t<meta name=\"twitter:label2\" content=\"Gesch\u00e4tzte Lesezeit\" \/>\n\t<meta name=\"twitter:data2\" content=\"3\u00a0Minuten\" \/>\n<script type=\"application\/ld+json\" class=\"yoast-schema-graph\">{\"@context\":\"https:\\\/\\\/schema.org\",\"@graph\":[{\"@type\":\"Article\",\"@id\":\"https:\\\/\\\/www.inthemoodvenlo.nl\\\/de\\\/modetrends-2026-das-sind-die-must-haves-in-diesem-jahr\\\/#article\",\"isPartOf\":{\"@id\":\"https:\\\/\\\/www.inthemoodvenlo.nl\\\/de\\\/modetrends-2026-das-sind-die-must-haves-in-diesem-jahr\\\/\"},\"author\":{\"name\":\"InTheMOOD\",\"@id\":\"https:\\\/\\\/www.inthemoodvenlo.nl\\\/de\\\/#\\\/schema\\\/person\\\/c226c9f0cf2f09963d6dc935237c6ce5\"},\"headline\":\"Modetrends 2026: Das sind die Must-haves in diesem Jahr\",\"datePublished\":\"2025-12-13T12:05:19+00:00\",\"dateModified\":\"2026-04-29T08:10:28+00:00\",\"mainEntityOfPage\":{\"@id\":\"https:\\\/\\\/www.inthemoodvenlo.nl\\\/de\\\/modetrends-2026-das-sind-die-must-haves-in-diesem-jahr\\\/\"},\"wordCount\":628,\"image\":{\"@id\":\"https:\\\/\\\/www.inthemoodvenlo.nl\\\/de\\\/modetrends-2026-das-sind-die-must-haves-in-diesem-jahr\\\/#primaryimage\"},\"thumbnailUrl\":\"https:\\\/\\\/www.inthemoodvenlo.nl\\\/wp-content\\\/uploads\\\/2025\\\/12\\\/modetrends-2026.jpg\",\"keywords\":[\"Fr\u00fchling 2026\",\"Modetrends\",\"Sommer 2026\"],\"articleSection\":[\"Unkategorisiert\"],\"inLanguage\":\"de\"},{\"@type\":\"WebPage\",\"@id\":\"https:\\\/\\\/www.inthemoodvenlo.nl\\\/de\\\/modetrends-2026-das-sind-die-must-haves-in-diesem-jahr\\\/\",\"url\":\"https:\\\/\\\/www.inthemoodvenlo.nl\\\/de\\\/modetrends-2026-das-sind-die-must-haves-in-diesem-jahr\\\/\",\"name\":\"Modetrends 2026 | Entdecke sie bei IN THE MOOD\",\"isPartOf\":{\"@id\":\"https:\\\/\\\/www.inthemoodvenlo.nl\\\/de\\\/#website\"},\"primaryImageOfPage\":{\"@id\":\"https:\\\/\\\/www.inthemoodvenlo.nl\\\/de\\\/modetrends-2026-das-sind-die-must-haves-in-diesem-jahr\\\/#primaryimage\"},\"image\":{\"@id\":\"https:\\\/\\\/www.inthemoodvenlo.nl\\\/de\\\/modetrends-2026-das-sind-die-must-haves-in-diesem-jahr\\\/#primaryimage\"},\"thumbnailUrl\":\"https:\\\/\\\/www.inthemoodvenlo.nl\\\/wp-content\\\/uploads\\\/2025\\\/12\\\/modetrends-2026.jpg\",\"datePublished\":\"2025-12-13T12:05:19+00:00\",\"dateModified\":\"2026-04-29T08:10:28+00:00\",\"author\":{\"@id\":\"https:\\\/\\\/www.inthemoodvenlo.nl\\\/de\\\/#\\\/schema\\\/person\\\/c226c9f0cf2f09963d6dc935237c6ce5\"},\"description\":\"Lies alles \u00fcber die Modetrends f\u00fcr 2026 und lass dich inspirieren \u2713 IN THE MOOD ist dein Damenmodegesch\u00e4ft im Herzen von Venlo\",\"breadcrumb\":{\"@id\":\"https:\\\/\\\/www.inthemoodvenlo.nl\\\/de\\\/modetrends-2026-das-sind-die-must-haves-in-diesem-jahr\\\/#breadcrumb\"},\"inLanguage\":\"de\",\"potentialAction\":[{\"@type\":\"ReadAction\",\"target\":[\"https:\\\/\\\/www.inthemoodvenlo.nl\\\/de\\\/modetrends-2026-das-sind-die-must-haves-in-diesem-jahr\\\/\"]}]},{\"@type\":\"ImageObject\",\"inLanguage\":\"de\",\"@id\":\"https:\\\/\\\/www.inthemoodvenlo.nl\\\/de\\\/modetrends-2026-das-sind-die-must-haves-in-diesem-jahr\\\/#primaryimage\",\"url\":\"https:\\\/\\\/www.inthemoodvenlo.nl\\\/wp-content\\\/uploads\\\/2025\\\/12\\\/modetrends-2026.jpg\",\"contentUrl\":\"https:\\\/\\\/www.inthemoodvenlo.nl\\\/wp-content\\\/uploads\\\/2025\\\/12\\\/modetrends-2026.jpg\",\"width\":1000,\"height\":1000,\"caption\":\"Modetrends 2026\"},{\"@type\":\"BreadcrumbList\",\"@id\":\"https:\\\/\\\/www.inthemoodvenlo.nl\\\/de\\\/modetrends-2026-das-sind-die-must-haves-in-diesem-jahr\\\/#breadcrumb\",\"itemListElement\":[{\"@type\":\"ListItem\",\"position\":1,\"name\":\"Startseite\",\"item\":\"https:\\\/\\\/www.inthemoodvenlo.nl\\\/de\\\/home\\\/\"},{\"@type\":\"ListItem\",\"position\":2,\"name\":\"Modetrends 2026: Das sind die Must-haves in diesem Jahr\"}]},{\"@type\":\"WebSite\",\"@id\":\"https:\\\/\\\/www.inthemoodvenlo.nl\\\/de\\\/#website\",\"url\":\"https:\\\/\\\/www.inthemoodvenlo.nl\\\/de\\\/\",\"name\":\"in the MOOD\",\"description\":\"Lifestyle Boutique\",\"potentialAction\":[{\"@type\":\"SearchAction\",\"target\":{\"@type\":\"EntryPoint\",\"urlTemplate\":\"https:\\\/\\\/www.inthemoodvenlo.nl\\\/de\\\/?s={search_term_string}\"},\"query-input\":{\"@type\":\"PropertyValueSpecification\",\"valueRequired\":true,\"valueName\":\"search_term_string\"}}],\"inLanguage\":\"de\"},{\"@type\":\"Person\",\"@id\":\"https:\\\/\\\/www.inthemoodvenlo.nl\\\/de\\\/#\\\/schema\\\/person\\\/c226c9f0cf2f09963d6dc935237c6ce5\",\"name\":\"InTheMOOD\",\"url\":\"https:\\\/\\\/www.inthemoodvenlo.nl\\\/de\\\/author\\\/inthemood\\\/\"}]}<\/script>\n<!-- \/ Yoast SEO plugin. -->","yoast_head_json":{"title":"Modetrends 2026 | Entdecke sie bei IN THE MOOD","description":"Lies alles \u00fcber die Modetrends f\u00fcr 2026 und lass dich inspirieren \u2713 IN THE MOOD ist dein Damenmodegesch\u00e4ft im Herzen von Venlo","robots":{"index":"index","follow":"follow","max-snippet":"max-snippet:-1","max-image-preview":"max-image-preview:large","max-video-preview":"max-video-preview:-1"},"canonical":"https:\/\/www.inthemoodvenlo.nl\/de\/modetrends-2026-das-sind-die-must-haves-in-diesem-jahr\/","og_locale":"de_DE","og_type":"article","og_title":"Modetrends 2026 | Entdecke sie bei IN THE MOOD","og_description":"Lies alles \u00fcber die Modetrends f\u00fcr 2026 und lass dich inspirieren \u2713 IN THE MOOD ist dein Damenmodegesch\u00e4ft im Herzen von Venlo","og_url":"https:\/\/www.inthemoodvenlo.nl\/de\/modetrends-2026-das-sind-die-must-haves-in-diesem-jahr\/","og_site_name":"in the MOOD","article_published_time":"2025-12-13T12:05:19+00:00","article_modified_time":"2026-04-29T08:10:28+00:00","og_image":[{"width":1000,"height":1000,"url":"https:\/\/www.inthemoodvenlo.nl\/wp-content\/uploads\/2025\/12\/modetrends-2026.jpg","type":"image\/jpeg"}],"author":"InTheMOOD","twitter_card":"summary_large_image","twitter_misc":{"Verfasst von":"InTheMOOD","Gesch\u00e4tzte Lesezeit":"3\u00a0Minuten"},"schema":{"@context":"https:\/\/schema.org","@graph":[{"@type":"Article","@id":"https:\/\/www.inthemoodvenlo.nl\/de\/modetrends-2026-das-sind-die-must-haves-in-diesem-jahr\/#article","isPartOf":{"@id":"https:\/\/www.inthemoodvenlo.nl\/de\/modetrends-2026-das-sind-die-must-haves-in-diesem-jahr\/"},"author":{"name":"InTheMOOD","@id":"https:\/\/www.inthemoodvenlo.nl\/de\/#\/schema\/person\/c226c9f0cf2f09963d6dc935237c6ce5"},"headline":"Modetrends 2026: Das sind die Must-haves in diesem Jahr","datePublished":"2025-12-13T12:05:19+00:00","dateModified":"2026-04-29T08:10:28+00:00","mainEntityOfPage":{"@id":"https:\/\/www.inthemoodvenlo.nl\/de\/modetrends-2026-das-sind-die-must-haves-in-diesem-jahr\/"},"wordCount":628,"image":{"@id":"https:\/\/www.inthemoodvenlo.nl\/de\/modetrends-2026-das-sind-die-must-haves-in-diesem-jahr\/#primaryimage"},"thumbnailUrl":"https:\/\/www.inthemoodvenlo.nl\/wp-content\/uploads\/2025\/12\/modetrends-2026.jpg","keywords":["Fr\u00fchling 2026","Modetrends","Sommer 2026"],"articleSection":["Unkategorisiert"],"inLanguage":"de"},{"@type":"WebPage","@id":"https:\/\/www.inthemoodvenlo.nl\/de\/modetrends-2026-das-sind-die-must-haves-in-diesem-jahr\/","url":"https:\/\/www.inthemoodvenlo.nl\/de\/modetrends-2026-das-sind-die-must-haves-in-diesem-jahr\/","name":"Modetrends 2026 | Entdecke sie bei IN THE MOOD","isPartOf":{"@id":"https:\/\/www.inthemoodvenlo.nl\/de\/#website"},"primaryImageOfPage":{"@id":"https:\/\/www.inthemoodvenlo.nl\/de\/modetrends-2026-das-sind-die-must-haves-in-diesem-jahr\/#primaryimage"},"image":{"@id":"https:\/\/www.inthemoodvenlo.nl\/de\/modetrends-2026-das-sind-die-must-haves-in-diesem-jahr\/#primaryimage"},"thumbnailUrl":"https:\/\/www.inthemoodvenlo.nl\/wp-content\/uploads\/2025\/12\/modetrends-2026.jpg","datePublished":"2025-12-13T12:05:19+00:00","dateModified":"2026-04-29T08:10:28+00:00","author":{"@id":"https:\/\/www.inthemoodvenlo.nl\/de\/#\/schema\/person\/c226c9f0cf2f09963d6dc935237c6ce5"},"description":"Lies alles \u00fcber die Modetrends f\u00fcr 2026 und lass dich inspirieren \u2713 IN THE MOOD ist dein Damenmodegesch\u00e4ft im Herzen von Venlo","breadcrumb":{"@id":"https:\/\/www.inthemoodvenlo.nl\/de\/modetrends-2026-das-sind-die-must-haves-in-diesem-jahr\/#breadcrumb"},"inLanguage":"de","potentialAction":[{"@type":"ReadAction","target":["https:\/\/www.inthemoodvenlo.nl\/de\/modetrends-2026-das-sind-die-must-haves-in-diesem-jahr\/"]}]},{"@type":"ImageObject","inLanguage":"de","@id":"https:\/\/www.inthemoodvenlo.nl\/de\/modetrends-2026-das-sind-die-must-haves-in-diesem-jahr\/#primaryimage","url":"https:\/\/www.inthemoodvenlo.nl\/wp-content\/uploads\/2025\/12\/modetrends-2026.jpg","contentUrl":"https:\/\/www.inthemoodvenlo.nl\/wp-content\/uploads\/2025\/12\/modetrends-2026.jpg","width":1000,"height":1000,"caption":"Modetrends 2026"},{"@type":"BreadcrumbList","@id":"https:\/\/www.inthemoodvenlo.nl\/de\/modetrends-2026-das-sind-die-must-haves-in-diesem-jahr\/#breadcrumb","itemListElement":[{"@type":"ListItem","position":1,"name":"Startseite","item":"https:\/\/www.inthemoodvenlo.nl\/de\/home\/"},{"@type":"ListItem","position":2,"name":"Modetrends 2026: Das sind die Must-haves in diesem Jahr"}]},{"@type":"WebSite","@id":"https:\/\/www.inthemoodvenlo.nl\/de\/#website","url":"https:\/\/www.inthemoodvenlo.nl\/de\/","name":"in the MOOD","description":"Lifestyle Boutique","potentialAction":[{"@type":"SearchAction","target":{"@type":"EntryPoint","urlTemplate":"https:\/\/www.inthemoodvenlo.nl\/de\/?s={search_term_string}"},"query-input":{"@type":"PropertyValueSpecification","valueRequired":true,"valueName":"search_term_string"}}],"inLanguage":"de"},{"@type":"Person","@id":"https:\/\/www.inthemoodvenlo.nl\/de\/#\/schema\/person\/c226c9f0cf2f09963d6dc935237c6ce5","name":"InTheMOOD","url":"https:\/\/www.inthemoodvenlo.nl\/de\/author\/inthemood\/"}]}},"_links":{"self":[{"href":"https:\/\/www.inthemoodvenlo.nl\/de\/wp-json\/wp\/v2\/posts\/4960","targetHints":{"allow":["GET"]}}],"collection":[{"href":"https:\/\/www.inthemoodvenlo.nl\/de\/wp-json\/wp\/v2\/posts"}],"about":[{"href":"https:\/\/www.inthemoodvenlo.nl\/de\/wp-json\/wp\/v2\/types\/post"}],"author":[{"embeddable":true,"href":"https:\/\/www.inthemoodvenlo.nl\/de\/wp-json\/wp\/v2\/users\/3"}],"replies":[{"embeddable":true,"href":"https:\/\/www.inthemoodvenlo.nl\/de\/wp-json\/wp\/v2\/comments?post=4960"}],"version-history":[{"count":1,"href":"https:\/\/www.inthemoodvenlo.nl\/de\/wp-json\/wp\/v2\/posts\/4960\/revisions"}],"predecessor-version":[{"id":4962,"href":"https:\/\/www.inthemoodvenlo.nl\/de\/wp-json\/wp\/v2\/posts\/4960\/revisions\/4962"}],"wp:featuredmedia":[{"embeddable":true,"href":"https:\/\/www.inthemoodvenlo.nl\/de\/wp-json\/wp\/v2\/media\/4961"}],"wp:attachment":[{"href":"https:\/\/www.inthemoodvenlo.nl\/de\/wp-json\/wp\/v2\/media?parent=4960"}],"wp:term":[{"taxonomy":"category","embeddable":true,"href":"https:\/\/www.inthemoodvenlo.nl\/de\/wp-json\/wp\/v2\/categories?post=4960"},{"taxonomy":"post_tag","embeddable":true,"href":"https:\/\/www.inthemoodvenlo.nl\/de\/wp-json\/wp\/v2\/tags?post=4960"}],"curies":[{"name":"wp","href":"https:\/\/api.w.org\/{rel}","templated":true}]}}